{"id":18467,"date":"2018-06-23T20:52:58","date_gmt":"2018-06-23T18:52:58","guid":{"rendered":"https:\/\/holisticaformacion.com\/?p=18467"},"modified":"2021-01-24T20:31:25","modified_gmt":"2021-01-24T18:31:25","slug":"marmas-y-yoga-semillas-de-conciencia-para-el-flujo-del-prana","status":"publish","type":"post","link":"https:\/\/holisticaformacion.com\/en\/marmas-y-yoga-semillas-de-conciencia-para-el-flujo-del-prana\/","title":{"rendered":"MARMAS Y YOGA. SEMILLAS DE CONCIENCIA PARA EL FLUJO DEL PRANA"},"content":{"rendered":"<p>Cuando realizamos extensiones atr\u00e1s en Yoga habremos o\u00eddo muchas veces, \u201cno comprimas la zona lumbar\u201d, \u201cexti\u00e9ndete desde el pecho\u201d, \u201csepara las clav\u00edculas\u201d, etc. La funci\u00f3n de las extensiones atr\u00e1s desde el punto de vista musculo-esqueletal es favorecer la movilidad en la zona dorsal del cuerpo, menos m\u00f3vil por la presencia de la caja tor\u00e1cica y cuya curva (cifosis) es contraria a la de la extensi\u00f3n atr\u00e1s. Personas con hiperlordosis lumbar suelen tener tendencia a extenderse atr\u00e1s favoreciendo a\u00fan m\u00e1s curva en la zona lumbar y dejando casi sin \u201ctrabajar\u201d la parte superior del cuerpo. A la larga, esto puede desencadenar en contracturas del cuadrado lumbar, s\u00edndrome facetario\u00a0 o de las carillas articulares, hernias anteriores, etc.<\/p>\n<p><img loading=\"lazy\" decoding=\"async\" class=\"aligncenter  wp-image-18468\" src=\"https:\/\/holisticaformacion.com\/wp-content\/uploads\/2020\/04\/camatkarasana-marmas-logo.png\" alt=\"\" width=\"664\" height=\"410\" srcset=\"https:\/\/holisticaformacion.com\/wp-content\/uploads\/2020\/04\/camatkarasana-marmas-logo.png 1000w, https:\/\/holisticaformacion.com\/wp-content\/uploads\/2020\/04\/camatkarasana-marmas-logo-400x247.png 400w, https:\/\/holisticaformacion.com\/wp-content\/uploads\/2020\/04\/camatkarasana-marmas-logo-300x185.png 300w, https:\/\/holisticaformacion.com\/wp-content\/uploads\/2020\/04\/camatkarasana-marmas-logo-768x474.png 768w, https:\/\/holisticaformacion.com\/wp-content\/uploads\/2020\/04\/camatkarasana-marmas-logo-600x370.png 600w\" sizes=\"auto, (max-width: 664px) 100vw, 664px\" \/><\/p>\n<p>Trabajar el alineamiento postural considerando la anatom\u00eda energ\u00e9tica del Ayurveda nos abre un mundo de posibilidades magn\u00edficas para mejorar nuestra pr\u00e1ctica y sea m\u00e1s apta para nosotros. Dentro de esta anatom\u00eda energ\u00e9tica encontramos los Chakras, los Nadis y los Marmas. Los marmas son zonas o puntos del cuerpo similares a los puntos de acupuntura, puntos de reflexolog\u00eda o puntos gatillo a trav\u00e9s de los cuales podemos actuar sobre el prana. Seg\u00fan el Ayurveda, dominando el prana se consigue la inmortalidad del alma y esto lo conseguimos influyendo en nuestros canales energ\u00e9ticos (nadis) mediante el trabajo mental, respiratorio y f\u00edsico (presi\u00f3n o estiramiento) en los marmas.<\/p>\n<p>El modo de trabajo en los marmas seg\u00fan AyurYoga\u00ae depende de si la persona tiene un desequilibrio Vata, Pitta o Kapha ya que para cada uno de ellos encontramos dolores y sensibilidades diferentes. En el caso de Kapha, por ejemplo, encontraremos sensaci\u00f3n de debilidad, fr\u00edo y humedad en la regi\u00f3n con palidez, dep\u00f3sitos de grasa, congesti\u00f3n, edema y dolor sordo. Para mejorar la energ\u00eda en ellos debemos aportarles calor y sangre mediante la tonificaci\u00f3n muscular. Para este dosha, las extensiones atr\u00e1s son ideales ya que activan el s. nervioso simp\u00e1tico ayud\u00e1ndole a salir de su letargo y su pereza. Un ejemplo de extensi\u00f3n es la postura de la foto, Camatkarasana, en la cual tonificamos y activamos marmas posteriores. Krikatika se localiza en la uni\u00f3n del cuello con el Occipital y fortalecerlo aumenta el riego sangu\u00edneo y el ascenso de Udana Vayu. Amsaphalaka localizado en el extremo interno de la espina de la esc\u00e1pula mejora la circulaci\u00f3n del sistema respiratorio y cardiovascular por lo que nos oxigena y revitaliza. Brihati activa la funci\u00f3n del h\u00edgado y del sistema linf\u00e1tico mejorando la circulaci\u00f3n (Vyana Vayu), Katikatarunam en el gl\u00fateo influye en la posici\u00f3n de la pelvis y nuestra postura en general adem\u00e1s de influir en los \u00f3rganos p\u00e9lvicos (ri\u00f1ones, intestino grueso, ovarios, etc.). Kukundara, en la articulaci\u00f3n sacroil\u00edaca mejora los dolores lumbo-sacrales e influye al igual que el anterior en los \u00f3rganos p\u00e9lvicos. Guda influye en Apana Vayu y Alambusha Nadi descendiendo la energ\u00eda y los movimientos corporales (nos ayuda a enraizar).<\/p>\n<p>En una clase de Yoga para los Marmas de AyurYoga<sup>\u00ae<\/sup> describimos un peque\u00f1o grupo de marmas para llevar la atenci\u00f3n y la respiraci\u00f3n a ellos. Esto nos permite influir en zonas muy localizadas desde donde partir para mejorar nuestra postura. Con estas semillas de atenci\u00f3n favorecemos la circulaci\u00f3n energ\u00e9tica y el prana.<\/p>\n<p>Si quieres aprender m\u00e1s \u00fanete a nuestra Formaci\u00f3n en AyurYoga\u00ae (Aplicaci\u00f3n de los conceptos del Ayurveda en la pr\u00e1ctica Hol\u00edstica del Yoga) tanto en modalidad SEMI-PRESENCIAL como ONLINE con la asistencia de un detallado manual y v\u00eddeos.<\/p>\n<p>Dr Helena Chac\u00f3n Mu\u00f1oz<\/p>\n<p><a href=\"http:\/\/www.ayuryoga.es\">www.ayuryoga.es<\/a><\/p>","protected":false},"excerpt":{"rendered":"<p>Cuando realizamos extensiones atr\u00e1s en Yoga habremos o\u00eddo muchas veces, \u201cno comprimas la zona lumbar\u201d, \u201cexti\u00e9ndete desde el pecho\u201d, \u201csepara las clav\u00edculas\u201d, etc. La funci\u00f3n de las extensiones atr\u00e1s desde el punto de vista musculo-esqueletal es favorecer la movilidad en la zona dorsal del cuerpo, menos m\u00f3vil por la presencia &hellip; <\/p>","protected":false},"author":1,"featured_media":0,"comment_status":"closed","ping_status":"closed","sticky":false,"template":"","format":"standard","meta":{"_bbp_topic_count":0,"_bbp_reply_count":0,"_bbp_total_topic_count":0,"_bbp_total_reply_count":0,"_bbp_voice_count":0,"_bbp_anonymous_reply_count":0,"_bbp_topic_count_hidden":0,"_bbp_reply_count_hidden":0,"_bbp_forum_subforum_count":0,"rs_blank_template":"","rs_page_bg_color":"","slide_template_v7":"","footnotes":""},"categories":[153,179,1,76],"tags":[182,159,157,162,212,229,195,180,161,178,213,156,177,181],"class_list":["post-18467","post","type-post","status-publish","format-standard","hentry","category-ayurveda","category-yoga-ayurvedico","category-terapias","category-yoga","tag-ayurveda","tag-ayuryoga","tag-holisticyoga","tag-holisticyogatherapy","tag-marmas","tag-marmayoga","tag-yogaalliance","tag-yogaayurvedico","tag-yogakula","tag-yogaonline","tag-yogasalud","tag-yogaterapeutico","tag-yogaterapia","tag-yogayayurveda"],"yoast_head":"<!-- This site is optimized with the Yoast SEO plugin v28.0 - https:\/\/yoast.com\/product\/yoast-seo-wordpress\/ -->\n<title>MARMAS Y YOGA. SEMILLAS DE CONCIENCIA PARA EL FLUJO DEL PRANA | Hol\u00edstica Formaci\u00f3n<\/title>\n<meta name=\"description\" content=\"Yoga, Terapias y Vida Saludable. Presencial y Online\" \/>\n<meta name=\"robots\" content=\"index, follow, max-snippet:-1, max-image-preview:large, max-video-preview:-1\" \/>\n<link rel=\"canonical\" href=\"https:\/\/holisticaformacion.com\/en\/marmas-y-yoga-semillas-de-conciencia-para-el-flujo-del-prana\/\" \/>\n<meta property=\"og:locale\" content=\"en_GB\" \/>\n<meta property=\"og:type\" content=\"article\" \/>\n<meta property=\"og:title\" content=\"MARMAS Y YOGA. SEMILLAS DE CONCIENCIA PARA EL FLUJO DEL PRANA | Hol\u00edstica Formaci\u00f3n\" \/>\n<meta property=\"og:description\" content=\"Yoga, Terapias y Vida Saludable. Presencial y Online\" \/>\n<meta property=\"og:url\" content=\"https:\/\/holisticaformacion.com\/en\/marmas-y-yoga-semillas-de-conciencia-para-el-flujo-del-prana\/\" \/>\n<meta property=\"og:site_name\" content=\"Hol\u00edstica Formaci\u00f3n\" \/>\n<meta property=\"article:publisher\" content=\"https:\/\/www.facebook.com\/holisticanature\" \/>\n<meta property=\"article:author\" content=\"https:\/\/www.facebook.com\/holisticanature\" \/>\n<meta property=\"article:published_time\" content=\"2018-06-23T18:52:58+00:00\" \/>\n<meta property=\"article:modified_time\" content=\"2021-01-24T18:31:25+00:00\" \/>\n<meta property=\"og:image\" content=\"https:\/\/holisticaformacion.com\/wp-content\/uploads\/2020\/04\/camatkarasana-marmas-logo.png\" \/>\n<meta name=\"author\" content=\"Helena Chac\u00f3n\" \/>\n<meta name=\"twitter:card\" content=\"summary_large_image\" \/>\n<meta name=\"twitter:label1\" content=\"Written by\" \/>\n\t<meta name=\"twitter:data1\" content=\"Helena Chac\u00f3n\" \/>\n\t<meta name=\"twitter:label2\" content=\"Estimated reading time\" \/>\n\t<meta name=\"twitter:data2\" content=\"3 minutes\" \/>\n<script type=\"application\/ld+json\" class=\"yoast-schema-graph\">{\"@context\":\"https:\\\/\\\/schema.org\",\"@graph\":[{\"@type\":\"Article\",\"@id\":\"https:\\\/\\\/holisticaformacion.com\\\/marmas-y-yoga-semillas-de-conciencia-para-el-flujo-del-prana\\\/#article\",\"isPartOf\":{\"@id\":\"https:\\\/\\\/holisticaformacion.com\\\/marmas-y-yoga-semillas-de-conciencia-para-el-flujo-del-prana\\\/\"},\"author\":{\"name\":\"Helena Chac\u00f3n\",\"@id\":\"https:\\\/\\\/holisticaformacion.com\\\/#\\\/schema\\\/person\\\/dd3ed0fd93ddd122d71b8a0aa6f4587b\"},\"headline\":\"MARMAS Y YOGA. SEMILLAS DE CONCIENCIA PARA EL FLUJO DEL PRANA\",\"datePublished\":\"2018-06-23T18:52:58+00:00\",\"dateModified\":\"2021-01-24T18:31:25+00:00\",\"mainEntityOfPage\":{\"@id\":\"https:\\\/\\\/holisticaformacion.com\\\/marmas-y-yoga-semillas-de-conciencia-para-el-flujo-del-prana\\\/\"},\"wordCount\":647,\"publisher\":{\"@id\":\"https:\\\/\\\/holisticaformacion.com\\\/#organization\"},\"image\":{\"@id\":\"https:\\\/\\\/holisticaformacion.com\\\/marmas-y-yoga-semillas-de-conciencia-para-el-flujo-del-prana\\\/#primaryimage\"},\"thumbnailUrl\":\"https:\\\/\\\/holisticaformacion.com\\\/wp-content\\\/uploads\\\/2020\\\/04\\\/camatkarasana-marmas-logo.png\",\"keywords\":[\"ayurveda\",\"ayuryoga\",\"holisticyoga\",\"holisticyogatherapy\",\"marmas\",\"marmayoga\",\"yogaalliance\",\"yogaayurv\u00e9dico\",\"yogakula\",\"yogaonline\",\"yogasalud\",\"yogaterapeutico\",\"yogaterapia\",\"yogayayurveda\"],\"articleSection\":[\"Ayurveda\",\"AyurYoga\",\"Terapias Naturales\",\"Yoga\"],\"inLanguage\":\"en-GB\"},{\"@type\":\"WebPage\",\"@id\":\"https:\\\/\\\/holisticaformacion.com\\\/marmas-y-yoga-semillas-de-conciencia-para-el-flujo-del-prana\\\/\",\"url\":\"https:\\\/\\\/holisticaformacion.com\\\/marmas-y-yoga-semillas-de-conciencia-para-el-flujo-del-prana\\\/\",\"name\":\"MARMAS Y YOGA. SEMILLAS DE CONCIENCIA PARA EL FLUJO DEL PRANA | Hol\u00edstica Formaci\u00f3n\",\"isPartOf\":{\"@id\":\"https:\\\/\\\/holisticaformacion.com\\\/#website\"},\"primaryImageOfPage\":{\"@id\":\"https:\\\/\\\/holisticaformacion.com\\\/marmas-y-yoga-semillas-de-conciencia-para-el-flujo-del-prana\\\/#primaryimage\"},\"image\":{\"@id\":\"https:\\\/\\\/holisticaformacion.com\\\/marmas-y-yoga-semillas-de-conciencia-para-el-flujo-del-prana\\\/#primaryimage\"},\"thumbnailUrl\":\"https:\\\/\\\/holisticaformacion.com\\\/wp-content\\\/uploads\\\/2020\\\/04\\\/camatkarasana-marmas-logo.png\",\"datePublished\":\"2018-06-23T18:52:58+00:00\",\"dateModified\":\"2021-01-24T18:31:25+00:00\",\"description\":\"Yoga, Terapias y Vida Saludable. Presencial y Online\",\"breadcrumb\":{\"@id\":\"https:\\\/\\\/holisticaformacion.com\\\/marmas-y-yoga-semillas-de-conciencia-para-el-flujo-del-prana\\\/#breadcrumb\"},\"inLanguage\":\"en-GB\",\"potentialAction\":[{\"@type\":\"ReadAction\",\"target\":[\"https:\\\/\\\/holisticaformacion.com\\\/marmas-y-yoga-semillas-de-conciencia-para-el-flujo-del-prana\\\/\"]}]},{\"@type\":\"ImageObject\",\"inLanguage\":\"en-GB\",\"@id\":\"https:\\\/\\\/holisticaformacion.com\\\/marmas-y-yoga-semillas-de-conciencia-para-el-flujo-del-prana\\\/#primaryimage\",\"url\":\"https:\\\/\\\/holisticaformacion.com\\\/wp-content\\\/uploads\\\/2020\\\/04\\\/camatkarasana-marmas-logo.png\",\"contentUrl\":\"https:\\\/\\\/holisticaformacion.com\\\/wp-content\\\/uploads\\\/2020\\\/04\\\/camatkarasana-marmas-logo.png\"},{\"@type\":\"BreadcrumbList\",\"@id\":\"https:\\\/\\\/holisticaformacion.com\\\/marmas-y-yoga-semillas-de-conciencia-para-el-flujo-del-prana\\\/#breadcrumb\",\"itemListElement\":[{\"@type\":\"ListItem\",\"position\":1,\"name\":\"Portada\",\"item\":\"https:\\\/\\\/holisticaformacion.com\\\/\"},{\"@type\":\"ListItem\",\"position\":2,\"name\":\"MARMAS Y YOGA. SEMILLAS DE CONCIENCIA PARA EL FLUJO DEL PRANA\"}]},{\"@type\":\"WebSite\",\"@id\":\"https:\\\/\\\/holisticaformacion.com\\\/#website\",\"url\":\"https:\\\/\\\/holisticaformacion.com\\\/\",\"name\":\"www.holisticaformacion.com\",\"description\":\"Campus Online de Hol\u00edstica Nature\",\"publisher\":{\"@id\":\"https:\\\/\\\/holisticaformacion.com\\\/#organization\"},\"potentialAction\":[{\"@type\":\"SearchAction\",\"target\":{\"@type\":\"EntryPoint\",\"urlTemplate\":\"https:\\\/\\\/holisticaformacion.com\\\/?s={search_term_string}\"},\"query-input\":{\"@type\":\"PropertyValueSpecification\",\"valueRequired\":true,\"valueName\":\"search_term_string\"}}],\"inLanguage\":\"en-GB\"},{\"@type\":\"Organization\",\"@id\":\"https:\\\/\\\/holisticaformacion.com\\\/#organization\",\"name\":\"Hol\u00edstica Formaci\u00f3n\",\"alternateName\":\"Holistica Nature, Ecoturismo, Formaci\u00f3n y Bienestar S.L.\",\"url\":\"https:\\\/\\\/holisticaformacion.com\\\/\",\"logo\":{\"@type\":\"ImageObject\",\"inLanguage\":\"en-GB\",\"@id\":\"https:\\\/\\\/holisticaformacion.com\\\/#\\\/schema\\\/logo\\\/image\\\/\",\"url\":\"https:\\\/\\\/holisticaformacion.com\\\/wp-content\\\/uploads\\\/2026\\\/02\\\/Nuevo-Logo-HF-cuadrado-blanco-1024x1024.png\",\"contentUrl\":\"https:\\\/\\\/holisticaformacion.com\\\/wp-content\\\/uploads\\\/2026\\\/02\\\/Nuevo-Logo-HF-cuadrado-blanco-1024x1024.png\",\"width\":1024,\"height\":1024,\"caption\":\"Hol\u00edstica Formaci\u00f3n\"},\"image\":{\"@id\":\"https:\\\/\\\/holisticaformacion.com\\\/#\\\/schema\\\/logo\\\/image\\\/\"},\"sameAs\":[\"https:\\\/\\\/www.facebook.com\\\/holisticanature\",\"https:\\\/\\\/www.instagram.com\\\/holisticanature\\\/\"]},{\"@type\":\"Person\",\"@id\":\"https:\\\/\\\/holisticaformacion.com\\\/#\\\/schema\\\/person\\\/dd3ed0fd93ddd122d71b8a0aa6f4587b\",\"name\":\"Helena Chac\u00f3n\",\"image\":{\"@type\":\"ImageObject\",\"inLanguage\":\"en-GB\",\"@id\":\"https:\\\/\\\/holisticaformacion.com\\\/wp-content\\\/uploads\\\/avatars\\\/1\\\/6198beb295f3f-bpfull.png\",\"url\":\"https:\\\/\\\/holisticaformacion.com\\\/wp-content\\\/uploads\\\/avatars\\\/1\\\/6198beb295f3f-bpfull.png\",\"contentUrl\":\"https:\\\/\\\/holisticaformacion.com\\\/wp-content\\\/uploads\\\/avatars\\\/1\\\/6198beb295f3f-bpfull.png\",\"caption\":\"Helena Chac\u00f3n\"},\"sameAs\":[\"https:\\\/\\\/holisticaformacion.com\",\"https:\\\/\\\/www.facebook.com\\\/holisticanature\"],\"url\":\"https:\\\/\\\/holisticaformacion.com\\\/en\\\/usuarios\\\/holistica\\\/\"}]}<\/script>\n<!-- \/ Yoast SEO plugin. -->","yoast_head_json":{"title":"MARMAS Y YOGA. SEMILLAS DE CONCIENCIA PARA EL FLUJO DEL PRANA | Hol\u00edstica Formaci\u00f3n","description":"Yoga, Therapies and Healthy Living. In-person and online","robots":{"index":"index","follow":"follow","max-snippet":"max-snippet:-1","max-image-preview":"max-image-preview:large","max-video-preview":"max-video-preview:-1"},"canonical":"https:\/\/holisticaformacion.com\/en\/marmas-y-yoga-semillas-de-conciencia-para-el-flujo-del-prana\/","og_locale":"en_GB","og_type":"article","og_title":"MARMAS Y YOGA. SEMILLAS DE CONCIENCIA PARA EL FLUJO DEL PRANA | Hol\u00edstica Formaci\u00f3n","og_description":"Yoga, Terapias y Vida Saludable. Presencial y Online","og_url":"https:\/\/holisticaformacion.com\/en\/marmas-y-yoga-semillas-de-conciencia-para-el-flujo-del-prana\/","og_site_name":"Hol\u00edstica Formaci\u00f3n","article_publisher":"https:\/\/www.facebook.com\/holisticanature","article_author":"https:\/\/www.facebook.com\/holisticanature","article_published_time":"2018-06-23T18:52:58+00:00","article_modified_time":"2021-01-24T18:31:25+00:00","og_image":[{"url":"https:\/\/holisticaformacion.com\/wp-content\/uploads\/2020\/04\/camatkarasana-marmas-logo.png","type":"","width":"","height":""}],"author":"Helena Chac\u00f3n","twitter_card":"summary_large_image","twitter_misc":{"Written by":"Helena Chac\u00f3n","Estimated reading time":"3 minutes"},"schema":{"@context":"https:\/\/schema.org","@graph":[{"@type":"Article","@id":"https:\/\/holisticaformacion.com\/marmas-y-yoga-semillas-de-conciencia-para-el-flujo-del-prana\/#article","isPartOf":{"@id":"https:\/\/holisticaformacion.com\/marmas-y-yoga-semillas-de-conciencia-para-el-flujo-del-prana\/"},"author":{"name":"Helena Chac\u00f3n","@id":"https:\/\/holisticaformacion.com\/#\/schema\/person\/dd3ed0fd93ddd122d71b8a0aa6f4587b"},"headline":"MARMAS Y YOGA. SEMILLAS DE CONCIENCIA PARA EL FLUJO DEL PRANA","datePublished":"2018-06-23T18:52:58+00:00","dateModified":"2021-01-24T18:31:25+00:00","mainEntityOfPage":{"@id":"https:\/\/holisticaformacion.com\/marmas-y-yoga-semillas-de-conciencia-para-el-flujo-del-prana\/"},"wordCount":647,"publisher":{"@id":"https:\/\/holisticaformacion.com\/#organization"},"image":{"@id":"https:\/\/holisticaformacion.com\/marmas-y-yoga-semillas-de-conciencia-para-el-flujo-del-prana\/#primaryimage"},"thumbnailUrl":"https:\/\/holisticaformacion.com\/wp-content\/uploads\/2020\/04\/camatkarasana-marmas-logo.png","keywords":["ayurveda","ayuryoga","holisticyoga","holisticyogatherapy","marmas","marmayoga","yogaalliance","yogaayurv\u00e9dico","yogakula","yogaonline","yogasalud","yogaterapeutico","yogaterapia","yogayayurveda"],"articleSection":["Ayurveda","AyurYoga","Terapias Naturales","Yoga"],"inLanguage":"en-GB"},{"@type":"WebPage","@id":"https:\/\/holisticaformacion.com\/marmas-y-yoga-semillas-de-conciencia-para-el-flujo-del-prana\/","url":"https:\/\/holisticaformacion.com\/marmas-y-yoga-semillas-de-conciencia-para-el-flujo-del-prana\/","name":"MARMAS Y YOGA. SEMILLAS DE CONCIENCIA PARA EL FLUJO DEL PRANA | Hol\u00edstica Formaci\u00f3n","isPartOf":{"@id":"https:\/\/holisticaformacion.com\/#website"},"primaryImageOfPage":{"@id":"https:\/\/holisticaformacion.com\/marmas-y-yoga-semillas-de-conciencia-para-el-flujo-del-prana\/#primaryimage"},"image":{"@id":"https:\/\/holisticaformacion.com\/marmas-y-yoga-semillas-de-conciencia-para-el-flujo-del-prana\/#primaryimage"},"thumbnailUrl":"https:\/\/holisticaformacion.com\/wp-content\/uploads\/2020\/04\/camatkarasana-marmas-logo.png","datePublished":"2018-06-23T18:52:58+00:00","dateModified":"2021-01-24T18:31:25+00:00","description":"Yoga, Therapies and Healthy Living. In-person and online","breadcrumb":{"@id":"https:\/\/holisticaformacion.com\/marmas-y-yoga-semillas-de-conciencia-para-el-flujo-del-prana\/#breadcrumb"},"inLanguage":"en-GB","potentialAction":[{"@type":"ReadAction","target":["https:\/\/holisticaformacion.com\/marmas-y-yoga-semillas-de-conciencia-para-el-flujo-del-prana\/"]}]},{"@type":"ImageObject","inLanguage":"en-GB","@id":"https:\/\/holisticaformacion.com\/marmas-y-yoga-semillas-de-conciencia-para-el-flujo-del-prana\/#primaryimage","url":"https:\/\/holisticaformacion.com\/wp-content\/uploads\/2020\/04\/camatkarasana-marmas-logo.png","contentUrl":"https:\/\/holisticaformacion.com\/wp-content\/uploads\/2020\/04\/camatkarasana-marmas-logo.png"},{"@type":"BreadcrumbList","@id":"https:\/\/holisticaformacion.com\/marmas-y-yoga-semillas-de-conciencia-para-el-flujo-del-prana\/#breadcrumb","itemListElement":[{"@type":"ListItem","position":1,"name":"Portada","item":"https:\/\/holisticaformacion.com\/"},{"@type":"ListItem","position":2,"name":"MARMAS Y YOGA. SEMILLAS DE CONCIENCIA PARA EL FLUJO DEL PRANA"}]},{"@type":"WebSite","@id":"https:\/\/holisticaformacion.com\/#website","url":"https:\/\/holisticaformacion.com\/","name":"www.holisticaformacion.com","description":"Hol\u00edstica Nature Online Campus","publisher":{"@id":"https:\/\/holisticaformacion.com\/#organization"},"potentialAction":[{"@type":"SearchAction","target":{"@type":"EntryPoint","urlTemplate":"https:\/\/holisticaformacion.com\/?s={search_term_string}"},"query-input":{"@type":"PropertyValueSpecification","valueRequired":true,"valueName":"search_term_string"}}],"inLanguage":"en-GB"},{"@type":"Organization","@id":"https:\/\/holisticaformacion.com\/#organization","name":"Holistic Training","alternateName":"Holistica Nature, Ecoturismo, Formaci\u00f3n y Bienestar S.L.","url":"https:\/\/holisticaformacion.com\/","logo":{"@type":"ImageObject","inLanguage":"en-GB","@id":"https:\/\/holisticaformacion.com\/#\/schema\/logo\/image\/","url":"https:\/\/holisticaformacion.com\/wp-content\/uploads\/2026\/02\/Nuevo-Logo-HF-cuadrado-blanco-1024x1024.png","contentUrl":"https:\/\/holisticaformacion.com\/wp-content\/uploads\/2026\/02\/Nuevo-Logo-HF-cuadrado-blanco-1024x1024.png","width":1024,"height":1024,"caption":"Hol\u00edstica Formaci\u00f3n"},"image":{"@id":"https:\/\/holisticaformacion.com\/#\/schema\/logo\/image\/"},"sameAs":["https:\/\/www.facebook.com\/holisticanature","https:\/\/www.instagram.com\/holisticanature\/"]},{"@type":"Person","@id":"https:\/\/holisticaformacion.com\/#\/schema\/person\/dd3ed0fd93ddd122d71b8a0aa6f4587b","name":"Helena Chac\u00f3n","image":{"@type":"ImageObject","inLanguage":"en-GB","@id":"https:\/\/holisticaformacion.com\/wp-content\/uploads\/avatars\/1\/6198beb295f3f-bpfull.png","url":"https:\/\/holisticaformacion.com\/wp-content\/uploads\/avatars\/1\/6198beb295f3f-bpfull.png","contentUrl":"https:\/\/holisticaformacion.com\/wp-content\/uploads\/avatars\/1\/6198beb295f3f-bpfull.png","caption":"Helena Chac\u00f3n"},"sameAs":["https:\/\/holisticaformacion.com","https:\/\/www.facebook.com\/holisticanature"],"url":"https:\/\/holisticaformacion.com\/en\/usuarios\/holistica\/"}]}},"_links":{"self":[{"href":"https:\/\/holisticaformacion.com\/en\/wp-json\/wp\/v2\/posts\/18467","targetHints":{"allow":["GET"]}}],"collection":[{"href":"https:\/\/holisticaformacion.com\/en\/wp-json\/wp\/v2\/posts"}],"about":[{"href":"https:\/\/holisticaformacion.com\/en\/wp-json\/wp\/v2\/types\/post"}],"author":[{"embeddable":true,"href":"https:\/\/holisticaformacion.com\/en\/wp-json\/wp\/v2\/users\/1"}],"replies":[{"embeddable":true,"href":"https:\/\/holisticaformacion.com\/en\/wp-json\/wp\/v2\/comments?post=18467"}],"version-history":[{"count":3,"href":"https:\/\/holisticaformacion.com\/en\/wp-json\/wp\/v2\/posts\/18467\/revisions"}],"predecessor-version":[{"id":31307,"href":"https:\/\/holisticaformacion.com\/en\/wp-json\/wp\/v2\/posts\/18467\/revisions\/31307"}],"wp:attachment":[{"href":"https:\/\/holisticaformacion.com\/en\/wp-json\/wp\/v2\/media?parent=18467"}],"wp:term":[{"taxonomy":"category","embeddable":true,"href":"https:\/\/holisticaformacion.com\/en\/wp-json\/wp\/v2\/categories?post=18467"},{"taxonomy":"post_tag","embeddable":true,"href":"https:\/\/holisticaformacion.com\/en\/wp-json\/wp\/v2\/tags?post=18467"}],"curies":[{"name":"wp","href":"https:\/\/api.w.org\/{rel}","templated":true}]}}