{"id":18470,"date":"2018-06-23T20:55:40","date_gmt":"2018-06-23T18:55:40","guid":{"rendered":"https:\/\/holisticaformacion.com\/?p=18470"},"modified":"2021-01-24T20:31:00","modified_gmt":"2021-01-24T18:31:00","slug":"la-fascia-y-tu-registro-sensorial","status":"publish","type":"post","link":"https:\/\/holisticaformacion.com\/en\/la-fascia-y-tu-registro-sensorial\/","title":{"rendered":"THE FASCIA AND YOUR SENSORY PERCEPTION"},"content":{"rendered":"<div class=\"\" data-block=\"true\" data-editor=\"fmkpi\" data-offset-key=\"cp8ge-0-0\">\n<div class=\"_1mf _1mj\" data-offset-key=\"cp8ge-0-0\"><span data-offset-key=\"cp8ge-0-0\">La fascia es tejido conectivo constituido por sustancia fundamental (que aporta hidrataci\u00f3n), fibras (el\u00e1sticas que permiten el cambio y de col\u00e1geno que aportan fuerza y estabilidad) y c\u00e9lulas. Este tejido forma una red tridimensional continua que envuelve vainas musculares, vasos sangu\u00edneos, nervios, etc. Podr\u00eda decirse que es como una \u201cpiel\u201d interna que permite que nuestros movimientos sean fluidos y armoniosos y no mec\u00e1nicos como los de un robot. <\/span><\/div>\n<\/div>\n<div class=\"\" data-block=\"true\" data-editor=\"fmkpi\" data-offset-key=\"33lpa-0-0\">\n<div class=\"_1mf _1mj\" data-offset-key=\"33lpa-0-0\"><span data-offset-key=\"33lpa-0-0\">Este tejido fascial da soporte y estructura al cuerpo, absorbe impactos, ayuda en la circulaci\u00f3n sangu\u00ednea e influye en nuestro sistema nervioso central. Pero adem\u00e1s, de su influencia en nuestro cuerpo f\u00edsico, la Fascia tiene un importante v\u00ednculo con nuestras emociones y creencias. F\u00edsicamente, es altamente sensible. Posee 10 veces m\u00e1s terminaciones nerviosas que los m\u00fasculos y su estado se modifica cuando influimos en los mecanorreceptores (\u00f3rganos tendinosos de Golgi, Pacini, Ruffini, etc.). <\/span><\/div>\n<div data-offset-key=\"33lpa-0-0\"><img loading=\"lazy\" decoding=\"async\" class=\"aligncenter  wp-image-18471\" src=\"https:\/\/holisticaformacion.com\/wp-content\/uploads\/2020\/04\/yoga-miofascial-scaled.jpg\" alt=\"\" width=\"537\" height=\"366\" srcset=\"https:\/\/holisticaformacion.com\/wp-content\/uploads\/2020\/04\/yoga-miofascial-scaled.jpg 2560w, https:\/\/holisticaformacion.com\/wp-content\/uploads\/2020\/04\/yoga-miofascial-scaled-400x273.jpg 400w, https:\/\/holisticaformacion.com\/wp-content\/uploads\/2020\/04\/yoga-miofascial-scaled-300x205.jpg 300w, https:\/\/holisticaformacion.com\/wp-content\/uploads\/2020\/04\/yoga-miofascial-scaled-1024x698.jpg 1024w, https:\/\/holisticaformacion.com\/wp-content\/uploads\/2020\/04\/yoga-miofascial-768x524.jpg 768w, https:\/\/holisticaformacion.com\/wp-content\/uploads\/2020\/04\/yoga-miofascial-1536x1048.jpg 1536w, https:\/\/holisticaformacion.com\/wp-content\/uploads\/2020\/04\/yoga-miofascial-2048x1397.jpg 2048w, https:\/\/holisticaformacion.com\/wp-content\/uploads\/2020\/04\/yoga-miofascial-scaled-600x409.jpg 600w\" sizes=\"auto, (max-width: 537px) 100vw, 537px\" \/><\/div>\n<\/div>\n<div class=\"\" data-block=\"true\" data-editor=\"fmkpi\" data-offset-key=\"d0u48-0-0\">\n<div class=\"_1mf _1mj\" data-offset-key=\"d0u48-0-0\"><span data-offset-key=\"d0u48-0-0\">Esto nos habla del v\u00ednculo cuerpo (mecanorreceptores)-mente (emociones y creencias). Si las emociones que vivo mandan un est\u00edmulo nervioso a mis c\u00e9lulas, \u00e9stas influir\u00e1n en el estado de la fascia y en c\u00f3mo se regeneran sus componentes (m\u00e1s o menos agua, direcci\u00f3n de crecimiento de las fibras, tensegridad, etc.). Similarmente, si estas emociones perduran en el tiempo se gestan las creencias y huellas energ\u00e9ticas o Samskaras en Yoga que hacen que vivamos la vida bajo un patr\u00f3n o arquetipo. Esta creencia hace que nuestra fascia, gracias a su comportamiento pl\u00e1stico, modifique su estado permanentemente y con ello nuestra postura y modo de ver el mundo. <\/span><\/div>\n<\/div>\n<div class=\"\" data-block=\"true\" data-editor=\"fmkpi\" data-offset-key=\"cslan-0-0\">\n<div class=\"_1mf _1mj\" data-offset-key=\"cslan-0-0\"><span data-offset-key=\"cslan-0-0\">Considerando este v\u00ednculo sensorial de las fascias podemos usarlo para mejorar nuestra postura y estado f\u00edsico y mental. Cuando actuamos en el tejido fascial nuestro estado emocional cambia y a la larga nuestras creencias. Existen muchos modos de mejorar el tejido fascial. El Yoga y el automasaje con pelotas son dos herramientas estupendas. S\u00e9 constante y permite que la deformaci\u00f3n pl\u00e1stica se produzca.<\/span><\/div>\n<\/div>\n<div class=\"\" data-block=\"true\" data-editor=\"fmkpi\" data-offset-key=\"8am6f-0-0\">\n<div class=\"_1mf _1mj\" data-offset-key=\"8am6f-0-0\"><span data-offset-key=\"8am6f-0-0\">Modifica tu fascia y cambiar\u00e1s tu mente. <\/span><\/div>\n<\/div>\n<div class=\"\" data-block=\"true\" data-editor=\"fmkpi\" data-offset-key=\"en0eg-0-0\">\n<div class=\"_1mf _1mj\" data-offset-key=\"en0eg-0-0\"><span data-offset-key=\"en0eg-0-0\">\u00a0<\/span><\/div>\n<\/div>\n<div class=\"\" data-block=\"true\" data-editor=\"fmkpi\" data-offset-key=\"eaars-0-0\">\n<div class=\"_1mf _1mj\" data-offset-key=\"eaars-0-0\"><span data-offset-key=\"eaars-0-0\">APRENDE SOBRE YOGA Y FASCIAS con nuestros cursos y formaciones en modalidad SEMI-PRESENCIAL y ONLINE <\/span><\/div>\n<\/div>\n<div class=\"\" data-block=\"true\" data-editor=\"fmkpi\" data-offset-key=\"1jpk6-0-0\"><\/div>\n<div class=\"\" data-block=\"true\" data-editor=\"fmkpi\" data-offset-key=\"48veb-0-0\">\n<div class=\"_1mf _1mj\" data-offset-key=\"48veb-0-0\"><span data-offset-key=\"48veb-0-0\">www.yogamiofascial.com<\/span><\/div>\n<\/div>\n<div class=\"\" data-block=\"true\" data-editor=\"fmkpi\" data-offset-key=\"6c0vd-0-0\">\n<div class=\"_1mf _1mj\" data-offset-key=\"6c0vd-0-0\"><span data-offset-key=\"6c0vd-0-0\">www.tcmyoga.org<\/span><\/div>\n<\/div>\n<div class=\"\" data-block=\"true\" data-editor=\"fmkpi\" data-offset-key=\"96m6u-0-0\">\n<div class=\"_1mf _1mj\" data-offset-key=\"96m6u-0-0\"><span data-offset-key=\"96m6u-0-0\">www.holisticyogatherapy.org<\/span><\/div>\n<\/div>","protected":false},"excerpt":{"rendered":"<p>Fascia is connective tissue consisting of ground substance (which provides hydration), fibres (elastic fibres that allow for movement, and collagen fibres that provide strength and stability) and cells. This tissue forms a continuous three-dimensional network that envelops muscle sheaths, blood vessels, nerves, etc. You could say it is like a \u201cskin\u201d \u2026 <\/p>","protected":false},"author":1,"featured_media":0,"comment_status":"closed","ping_status":"closed","sticky":false,"template":"","format":"standard","meta":{"_bbp_topic_count":0,"_bbp_reply_count":0,"_bbp_total_topic_count":0,"_bbp_total_reply_count":0,"_bbp_voice_count":0,"_bbp_anonymous_reply_count":0,"_bbp_topic_count_hidden":0,"_bbp_reply_count_hidden":0,"_bbp_forum_subforum_count":0,"rs_blank_template":"","rs_page_bg_color":"","slide_template_v7":"","footnotes":""},"categories":[433,76,164],"tags":[163,168,196,172,157,162,170,169,171,166,165,160,178,167],"class_list":["post-18470","post","type-post","status-publish","format-standard","hentry","category-tecnica-mioball","category-yoga","category-yoga-miofascial","tag-fascia","tag-fascial","tag-fascias","tag-fasciasyyoga","tag-holisticyoga","tag-holisticyogatherapy","tag-liberacionmiofascial","tag-miofascial","tag-myer","tag-yogafascial","tag-yogafascias","tag-yogamiofascial","tag-yogaonline","tag-yogayfascias"],"yoast_head":"<!-- This site is optimized with the Yoast SEO plugin v28.0 - https:\/\/yoast.com\/product\/yoast-seo-wordpress\/ -->\n<title>LA FASCIA Y TU REGISTRO SENSORIAL | Hol\u00edstica Formaci\u00f3n<\/title>\n<meta name=\"description\" content=\"Yoga, Terapias y Vida Saludable. Presencial y Online\" \/>\n<meta name=\"robots\" content=\"index, follow, max-snippet:-1, max-image-preview:large, max-video-preview:-1\" \/>\n<link rel=\"canonical\" href=\"https:\/\/holisticaformacion.com\/en\/la-fascia-y-tu-registro-sensorial\/\" \/>\n<meta property=\"og:locale\" content=\"en_GB\" \/>\n<meta property=\"og:type\" content=\"article\" \/>\n<meta property=\"og:title\" content=\"LA FASCIA Y TU REGISTRO SENSORIAL | Hol\u00edstica Formaci\u00f3n\" \/>\n<meta property=\"og:description\" content=\"Yoga, Terapias y Vida Saludable. Presencial y Online\" \/>\n<meta property=\"og:url\" content=\"https:\/\/holisticaformacion.com\/en\/la-fascia-y-tu-registro-sensorial\/\" \/>\n<meta property=\"og:site_name\" content=\"Hol\u00edstica Formaci\u00f3n\" \/>\n<meta property=\"article:publisher\" content=\"https:\/\/www.facebook.com\/holisticanature\" \/>\n<meta property=\"article:author\" content=\"https:\/\/www.facebook.com\/holisticanature\" \/>\n<meta property=\"article:published_time\" content=\"2018-06-23T18:55:40+00:00\" \/>\n<meta property=\"article:modified_time\" content=\"2021-01-24T18:31:00+00:00\" \/>\n<meta property=\"og:image\" content=\"https:\/\/holisticaformacion.com\/wp-content\/uploads\/2020\/04\/yoga-miofascial-scaled.jpg\" \/>\n<meta name=\"author\" content=\"Helena Chac\u00f3n\" \/>\n<meta name=\"twitter:card\" content=\"summary_large_image\" \/>\n<meta name=\"twitter:label1\" content=\"Written by\" \/>\n\t<meta name=\"twitter:data1\" content=\"Helena Chac\u00f3n\" \/>\n\t<meta name=\"twitter:label2\" content=\"Estimated reading time\" \/>\n\t<meta name=\"twitter:data2\" content=\"2 minutes\" \/>\n<script type=\"application\/ld+json\" class=\"yoast-schema-graph\">{\"@context\":\"https:\\\/\\\/schema.org\",\"@graph\":[{\"@type\":\"Article\",\"@id\":\"https:\\\/\\\/holisticaformacion.com\\\/la-fascia-y-tu-registro-sensorial\\\/#article\",\"isPartOf\":{\"@id\":\"https:\\\/\\\/holisticaformacion.com\\\/la-fascia-y-tu-registro-sensorial\\\/\"},\"author\":{\"name\":\"Helena Chac\u00f3n\",\"@id\":\"https:\\\/\\\/holisticaformacion.com\\\/#\\\/schema\\\/person\\\/dd3ed0fd93ddd122d71b8a0aa6f4587b\"},\"headline\":\"LA FASCIA Y TU REGISTRO SENSORIAL\",\"datePublished\":\"2018-06-23T18:55:40+00:00\",\"dateModified\":\"2021-01-24T18:31:00+00:00\",\"mainEntityOfPage\":{\"@id\":\"https:\\\/\\\/holisticaformacion.com\\\/la-fascia-y-tu-registro-sensorial\\\/\"},\"wordCount\":376,\"publisher\":{\"@id\":\"https:\\\/\\\/holisticaformacion.com\\\/#organization\"},\"image\":{\"@id\":\"https:\\\/\\\/holisticaformacion.com\\\/la-fascia-y-tu-registro-sensorial\\\/#primaryimage\"},\"thumbnailUrl\":\"https:\\\/\\\/holisticaformacion.com\\\/wp-content\\\/uploads\\\/2020\\\/04\\\/yoga-miofascial-scaled.jpg\",\"keywords\":[\"fascia\",\"fascial\",\"fascias\",\"fasciasyyoga\",\"holisticyoga\",\"holisticyogatherapy\",\"liberaci\u00f3nmiofascial\",\"miofascial\",\"myer\",\"yogafascial\",\"yogafascias\",\"yogamiofascial\",\"yogaonline\",\"yogayfascias\"],\"articleSection\":[\"T\u00e9cnica Mioball\u00ae\",\"Yoga\",\"Yoga Miofascial\"],\"inLanguage\":\"en-GB\"},{\"@type\":\"WebPage\",\"@id\":\"https:\\\/\\\/holisticaformacion.com\\\/la-fascia-y-tu-registro-sensorial\\\/\",\"url\":\"https:\\\/\\\/holisticaformacion.com\\\/la-fascia-y-tu-registro-sensorial\\\/\",\"name\":\"LA FASCIA Y TU REGISTRO SENSORIAL | Hol\u00edstica Formaci\u00f3n\",\"isPartOf\":{\"@id\":\"https:\\\/\\\/holisticaformacion.com\\\/#website\"},\"primaryImageOfPage\":{\"@id\":\"https:\\\/\\\/holisticaformacion.com\\\/la-fascia-y-tu-registro-sensorial\\\/#primaryimage\"},\"image\":{\"@id\":\"https:\\\/\\\/holisticaformacion.com\\\/la-fascia-y-tu-registro-sensorial\\\/#primaryimage\"},\"thumbnailUrl\":\"https:\\\/\\\/holisticaformacion.com\\\/wp-content\\\/uploads\\\/2020\\\/04\\\/yoga-miofascial-scaled.jpg\",\"datePublished\":\"2018-06-23T18:55:40+00:00\",\"dateModified\":\"2021-01-24T18:31:00+00:00\",\"description\":\"Yoga, Terapias y Vida Saludable. Presencial y Online\",\"breadcrumb\":{\"@id\":\"https:\\\/\\\/holisticaformacion.com\\\/la-fascia-y-tu-registro-sensorial\\\/#breadcrumb\"},\"inLanguage\":\"en-GB\",\"potentialAction\":[{\"@type\":\"ReadAction\",\"target\":[\"https:\\\/\\\/holisticaformacion.com\\\/la-fascia-y-tu-registro-sensorial\\\/\"]}]},{\"@type\":\"ImageObject\",\"inLanguage\":\"en-GB\",\"@id\":\"https:\\\/\\\/holisticaformacion.com\\\/la-fascia-y-tu-registro-sensorial\\\/#primaryimage\",\"url\":\"https:\\\/\\\/holisticaformacion.com\\\/wp-content\\\/uploads\\\/2020\\\/04\\\/yoga-miofascial-scaled.jpg\",\"contentUrl\":\"https:\\\/\\\/holisticaformacion.com\\\/wp-content\\\/uploads\\\/2020\\\/04\\\/yoga-miofascial-scaled.jpg\"},{\"@type\":\"BreadcrumbList\",\"@id\":\"https:\\\/\\\/holisticaformacion.com\\\/la-fascia-y-tu-registro-sensorial\\\/#breadcrumb\",\"itemListElement\":[{\"@type\":\"ListItem\",\"position\":1,\"name\":\"Portada\",\"item\":\"https:\\\/\\\/holisticaformacion.com\\\/\"},{\"@type\":\"ListItem\",\"position\":2,\"name\":\"LA FASCIA Y TU REGISTRO SENSORIAL\"}]},{\"@type\":\"WebSite\",\"@id\":\"https:\\\/\\\/holisticaformacion.com\\\/#website\",\"url\":\"https:\\\/\\\/holisticaformacion.com\\\/\",\"name\":\"www.holisticaformacion.com\",\"description\":\"Campus Online de Hol\u00edstica Nature\",\"publisher\":{\"@id\":\"https:\\\/\\\/holisticaformacion.com\\\/#organization\"},\"potentialAction\":[{\"@type\":\"SearchAction\",\"target\":{\"@type\":\"EntryPoint\",\"urlTemplate\":\"https:\\\/\\\/holisticaformacion.com\\\/?s={search_term_string}\"},\"query-input\":{\"@type\":\"PropertyValueSpecification\",\"valueRequired\":true,\"valueName\":\"search_term_string\"}}],\"inLanguage\":\"en-GB\"},{\"@type\":\"Organization\",\"@id\":\"https:\\\/\\\/holisticaformacion.com\\\/#organization\",\"name\":\"Hol\u00edstica Formaci\u00f3n\",\"alternateName\":\"Holistica Nature, Ecoturismo, Formaci\u00f3n y Bienestar S.L.\",\"url\":\"https:\\\/\\\/holisticaformacion.com\\\/\",\"logo\":{\"@type\":\"ImageObject\",\"inLanguage\":\"en-GB\",\"@id\":\"https:\\\/\\\/holisticaformacion.com\\\/#\\\/schema\\\/logo\\\/image\\\/\",\"url\":\"https:\\\/\\\/holisticaformacion.com\\\/wp-content\\\/uploads\\\/2026\\\/02\\\/Nuevo-Logo-HF-cuadrado-blanco-1024x1024.png\",\"contentUrl\":\"https:\\\/\\\/holisticaformacion.com\\\/wp-content\\\/uploads\\\/2026\\\/02\\\/Nuevo-Logo-HF-cuadrado-blanco-1024x1024.png\",\"width\":1024,\"height\":1024,\"caption\":\"Hol\u00edstica Formaci\u00f3n\"},\"image\":{\"@id\":\"https:\\\/\\\/holisticaformacion.com\\\/#\\\/schema\\\/logo\\\/image\\\/\"},\"sameAs\":[\"https:\\\/\\\/www.facebook.com\\\/holisticanature\",\"https:\\\/\\\/www.instagram.com\\\/holisticanature\\\/\"]},{\"@type\":\"Person\",\"@id\":\"https:\\\/\\\/holisticaformacion.com\\\/#\\\/schema\\\/person\\\/dd3ed0fd93ddd122d71b8a0aa6f4587b\",\"name\":\"Helena Chac\u00f3n\",\"image\":{\"@type\":\"ImageObject\",\"inLanguage\":\"en-GB\",\"@id\":\"https:\\\/\\\/holisticaformacion.com\\\/wp-content\\\/uploads\\\/avatars\\\/1\\\/6198beb295f3f-bpfull.png\",\"url\":\"https:\\\/\\\/holisticaformacion.com\\\/wp-content\\\/uploads\\\/avatars\\\/1\\\/6198beb295f3f-bpfull.png\",\"contentUrl\":\"https:\\\/\\\/holisticaformacion.com\\\/wp-content\\\/uploads\\\/avatars\\\/1\\\/6198beb295f3f-bpfull.png\",\"caption\":\"Helena Chac\u00f3n\"},\"sameAs\":[\"https:\\\/\\\/holisticaformacion.com\",\"https:\\\/\\\/www.facebook.com\\\/holisticanature\"],\"url\":\"https:\\\/\\\/holisticaformacion.com\\\/en\\\/usuarios\\\/holistica\\\/\"}]}<\/script>\n<!-- \/ Yoast SEO plugin. -->","yoast_head_json":{"title":"LA FASCIA Y TU REGISTRO SENSORIAL | Hol\u00edstica Formaci\u00f3n","description":"Yoga, Therapies and Healthy Living. In-person and online","robots":{"index":"index","follow":"follow","max-snippet":"max-snippet:-1","max-image-preview":"max-image-preview:large","max-video-preview":"max-video-preview:-1"},"canonical":"https:\/\/holisticaformacion.com\/en\/la-fascia-y-tu-registro-sensorial\/","og_locale":"en_GB","og_type":"article","og_title":"LA FASCIA Y TU REGISTRO SENSORIAL | Hol\u00edstica Formaci\u00f3n","og_description":"Yoga, Terapias y Vida Saludable. Presencial y Online","og_url":"https:\/\/holisticaformacion.com\/en\/la-fascia-y-tu-registro-sensorial\/","og_site_name":"Hol\u00edstica Formaci\u00f3n","article_publisher":"https:\/\/www.facebook.com\/holisticanature","article_author":"https:\/\/www.facebook.com\/holisticanature","article_published_time":"2018-06-23T18:55:40+00:00","article_modified_time":"2021-01-24T18:31:00+00:00","og_image":[{"url":"https:\/\/holisticaformacion.com\/wp-content\/uploads\/2020\/04\/yoga-miofascial-scaled.jpg","type":"","width":"","height":""}],"author":"Helena Chac\u00f3n","twitter_card":"summary_large_image","twitter_misc":{"Written by":"Helena Chac\u00f3n","Estimated reading time":"2 minutes"},"schema":{"@context":"https:\/\/schema.org","@graph":[{"@type":"Article","@id":"https:\/\/holisticaformacion.com\/la-fascia-y-tu-registro-sensorial\/#article","isPartOf":{"@id":"https:\/\/holisticaformacion.com\/la-fascia-y-tu-registro-sensorial\/"},"author":{"name":"Helena Chac\u00f3n","@id":"https:\/\/holisticaformacion.com\/#\/schema\/person\/dd3ed0fd93ddd122d71b8a0aa6f4587b"},"headline":"LA FASCIA Y TU REGISTRO SENSORIAL","datePublished":"2018-06-23T18:55:40+00:00","dateModified":"2021-01-24T18:31:00+00:00","mainEntityOfPage":{"@id":"https:\/\/holisticaformacion.com\/la-fascia-y-tu-registro-sensorial\/"},"wordCount":376,"publisher":{"@id":"https:\/\/holisticaformacion.com\/#organization"},"image":{"@id":"https:\/\/holisticaformacion.com\/la-fascia-y-tu-registro-sensorial\/#primaryimage"},"thumbnailUrl":"https:\/\/holisticaformacion.com\/wp-content\/uploads\/2020\/04\/yoga-miofascial-scaled.jpg","keywords":["fascia","fascial","fascias","fasciasyyoga","holisticyoga","holisticyogatherapy","liberaci\u00f3nmiofascial","miofascial","myer","yogafascial","yogafascias","yogamiofascial","yogaonline","yogayfascias"],"articleSection":["T\u00e9cnica Mioball\u00ae","Yoga","Yoga Miofascial"],"inLanguage":"en-GB"},{"@type":"WebPage","@id":"https:\/\/holisticaformacion.com\/la-fascia-y-tu-registro-sensorial\/","url":"https:\/\/holisticaformacion.com\/la-fascia-y-tu-registro-sensorial\/","name":"LA FASCIA Y TU REGISTRO SENSORIAL | Hol\u00edstica Formaci\u00f3n","isPartOf":{"@id":"https:\/\/holisticaformacion.com\/#website"},"primaryImageOfPage":{"@id":"https:\/\/holisticaformacion.com\/la-fascia-y-tu-registro-sensorial\/#primaryimage"},"image":{"@id":"https:\/\/holisticaformacion.com\/la-fascia-y-tu-registro-sensorial\/#primaryimage"},"thumbnailUrl":"https:\/\/holisticaformacion.com\/wp-content\/uploads\/2020\/04\/yoga-miofascial-scaled.jpg","datePublished":"2018-06-23T18:55:40+00:00","dateModified":"2021-01-24T18:31:00+00:00","description":"Yoga, Therapies and Healthy Living. In-person and online","breadcrumb":{"@id":"https:\/\/holisticaformacion.com\/la-fascia-y-tu-registro-sensorial\/#breadcrumb"},"inLanguage":"en-GB","potentialAction":[{"@type":"ReadAction","target":["https:\/\/holisticaformacion.com\/la-fascia-y-tu-registro-sensorial\/"]}]},{"@type":"ImageObject","inLanguage":"en-GB","@id":"https:\/\/holisticaformacion.com\/la-fascia-y-tu-registro-sensorial\/#primaryimage","url":"https:\/\/holisticaformacion.com\/wp-content\/uploads\/2020\/04\/yoga-miofascial-scaled.jpg","contentUrl":"https:\/\/holisticaformacion.com\/wp-content\/uploads\/2020\/04\/yoga-miofascial-scaled.jpg"},{"@type":"BreadcrumbList","@id":"https:\/\/holisticaformacion.com\/la-fascia-y-tu-registro-sensorial\/#breadcrumb","itemListElement":[{"@type":"ListItem","position":1,"name":"Portada","item":"https:\/\/holisticaformacion.com\/"},{"@type":"ListItem","position":2,"name":"LA FASCIA Y TU REGISTRO SENSORIAL"}]},{"@type":"WebSite","@id":"https:\/\/holisticaformacion.com\/#website","url":"https:\/\/holisticaformacion.com\/","name":"www.holisticaformacion.com","description":"Hol\u00edstica Nature Online Campus","publisher":{"@id":"https:\/\/holisticaformacion.com\/#organization"},"potentialAction":[{"@type":"SearchAction","target":{"@type":"EntryPoint","urlTemplate":"https:\/\/holisticaformacion.com\/?s={search_term_string}"},"query-input":{"@type":"PropertyValueSpecification","valueRequired":true,"valueName":"search_term_string"}}],"inLanguage":"en-GB"},{"@type":"Organization","@id":"https:\/\/holisticaformacion.com\/#organization","name":"Holistic Training","alternateName":"Holistica Nature, Ecoturismo, Formaci\u00f3n y Bienestar S.L.","url":"https:\/\/holisticaformacion.com\/","logo":{"@type":"ImageObject","inLanguage":"en-GB","@id":"https:\/\/holisticaformacion.com\/#\/schema\/logo\/image\/","url":"https:\/\/holisticaformacion.com\/wp-content\/uploads\/2026\/02\/Nuevo-Logo-HF-cuadrado-blanco-1024x1024.png","contentUrl":"https:\/\/holisticaformacion.com\/wp-content\/uploads\/2026\/02\/Nuevo-Logo-HF-cuadrado-blanco-1024x1024.png","width":1024,"height":1024,"caption":"Hol\u00edstica Formaci\u00f3n"},"image":{"@id":"https:\/\/holisticaformacion.com\/#\/schema\/logo\/image\/"},"sameAs":["https:\/\/www.facebook.com\/holisticanature","https:\/\/www.instagram.com\/holisticanature\/"]},{"@type":"Person","@id":"https:\/\/holisticaformacion.com\/#\/schema\/person\/dd3ed0fd93ddd122d71b8a0aa6f4587b","name":"Helena Chac\u00f3n","image":{"@type":"ImageObject","inLanguage":"en-GB","@id":"https:\/\/holisticaformacion.com\/wp-content\/uploads\/avatars\/1\/6198beb295f3f-bpfull.png","url":"https:\/\/holisticaformacion.com\/wp-content\/uploads\/avatars\/1\/6198beb295f3f-bpfull.png","contentUrl":"https:\/\/holisticaformacion.com\/wp-content\/uploads\/avatars\/1\/6198beb295f3f-bpfull.png","caption":"Helena Chac\u00f3n"},"sameAs":["https:\/\/holisticaformacion.com","https:\/\/www.facebook.com\/holisticanature"],"url":"https:\/\/holisticaformacion.com\/en\/usuarios\/holistica\/"}]}},"_links":{"self":[{"href":"https:\/\/holisticaformacion.com\/en\/wp-json\/wp\/v2\/posts\/18470","targetHints":{"allow":["GET"]}}],"collection":[{"href":"https:\/\/holisticaformacion.com\/en\/wp-json\/wp\/v2\/posts"}],"about":[{"href":"https:\/\/holisticaformacion.com\/en\/wp-json\/wp\/v2\/types\/post"}],"author":[{"embeddable":true,"href":"https:\/\/holisticaformacion.com\/en\/wp-json\/wp\/v2\/users\/1"}],"replies":[{"embeddable":true,"href":"https:\/\/holisticaformacion.com\/en\/wp-json\/wp\/v2\/comments?post=18470"}],"version-history":[{"count":3,"href":"https:\/\/holisticaformacion.com\/en\/wp-json\/wp\/v2\/posts\/18470\/revisions"}],"predecessor-version":[{"id":31306,"href":"https:\/\/holisticaformacion.com\/en\/wp-json\/wp\/v2\/posts\/18470\/revisions\/31306"}],"wp:attachment":[{"href":"https:\/\/holisticaformacion.com\/en\/wp-json\/wp\/v2\/media?parent=18470"}],"wp:term":[{"taxonomy":"category","embeddable":true,"href":"https:\/\/holisticaformacion.com\/en\/wp-json\/wp\/v2\/categories?post=18470"},{"taxonomy":"post_tag","embeddable":true,"href":"https:\/\/holisticaformacion.com\/en\/wp-json\/wp\/v2\/tags?post=18470"}],"curies":[{"name":"wp","href":"https:\/\/api.w.org\/{rel}","templated":true}]}}