{"id":21953,"date":"2018-09-05T07:34:18","date_gmt":"2018-09-05T05:34:18","guid":{"rendered":"https:\/\/holisticaformacion.com\/?p=21953"},"modified":"2021-01-24T20:30:26","modified_gmt":"2021-01-24T18:30:26","slug":"verano-tardio-elemento-tierra","status":"publish","type":"post","link":"https:\/\/holisticaformacion.com\/en\/verano-tardio-elemento-tierra\/","title":{"rendered":"LATE SUMMER. EARTH ELEMENT"},"content":{"rendered":"<p style=\"text-align: center;\"><img loading=\"lazy\" decoding=\"async\" class=\"aligncenter  wp-image-21954\" src=\"https:\/\/holisticaformacion.com\/wp-content\/uploads\/2020\/05\/Tierra-scaled.jpg\" alt=\"\" width=\"613\" height=\"460\" srcset=\"https:\/\/holisticaformacion.com\/wp-content\/uploads\/2020\/05\/Tierra-scaled.jpg 2560w, https:\/\/holisticaformacion.com\/wp-content\/uploads\/2020\/05\/Tierra-scaled-400x300.jpg 400w, https:\/\/holisticaformacion.com\/wp-content\/uploads\/2020\/05\/Tierra-scaled-300x225.jpg 300w, https:\/\/holisticaformacion.com\/wp-content\/uploads\/2020\/05\/Tierra-scaled-1024x768.jpg 1024w, https:\/\/holisticaformacion.com\/wp-content\/uploads\/2020\/05\/Tierra-768x576.jpg 768w, https:\/\/holisticaformacion.com\/wp-content\/uploads\/2020\/05\/Tierra-1536x1152.jpg 1536w, https:\/\/holisticaformacion.com\/wp-content\/uploads\/2020\/05\/Tierra-2048x1536.jpg 2048w, https:\/\/holisticaformacion.com\/wp-content\/uploads\/2020\/05\/Tierra-scaled-600x450.jpg 600w\" sizes=\"auto, (max-width: 613px) 100vw, 613px\" \/><\/p>\n<p>La Fase o Elemento Tierra tao\u00edsta representa la transici\u00f3n entre las estaciones pero tambi\u00e9n cuando aparece ese calor inusual llamado \u201cveranillo del membrillo\u201d, \u201cverano de San Mart\u00edn\u201d, &#8220;verano de San Miguel&#8221; etc. Durante esta estaci\u00f3n aparecen las frutas m\u00e1s dulces como las uvas y aunque los d\u00edas se hacen m\u00e1s cortos el clima a\u00fan es c\u00e1lido. Es una \u00e9poca intermedia entre los d\u00edas de fuerte calor y los d\u00edas de invierno. Generalmente, nos incorporamos al trabajo y comenzamos a planificar el a\u00f1o. Empieza de nuevo nuestra rutina y nuestra estabilidad.<\/p>\n<p>En Medicina Tradicional China (MTC, TCM) el Elemento Tierra y sus \u00f3rganos Zang Fu (Bazo y Est\u00f3mago) se encargan de:<br \/>\n* Transformar y transportar la energ\u00eda nutritiva (Gu Qi) (influye en el s. digestivo)<br \/>\n* Producen, controlan y movilizan la Sangre y los L\u00edquidos Org\u00e1nicos (influye en el s. circulatorio, reproductor y linf\u00e1tico)<br \/>\n* Alimentan los m\u00fasculos y el tejido adiposo (influye en el s.muscular)<br \/>\n* Tonifican el tejido conectivo<br \/>\n* Se manifiestan en la boca y los labios<br \/>\n* Secretan saliva y controlan el gusto.<br \/>\n* Intelectualmente nos ayudan a reflexionar, concentrarnos y el desarrollo del aprendizaje, memorizaci\u00f3n y estudio.<\/p>\n<p>* Este elemento se ve afectado por la HUMEDAD que provoca en nuestro cuerpo s\u00edntomas de pesadez, letargia e indecisi\u00f3n, hace que la energ\u00eda se hunda y se estanque. La Humedad puede venir del clima pero tambi\u00e9n generada internamente por comidas pesadas y grasientas como los helados, pasteles, l\u00e1cteos, salsas, etc.<\/p>\n<p>* Emocionalmente aparecer\u00e1 con frecuencia la PREOCUPACI\u00d3N que puede ser atenuada mediante la expresi\u00f3n de la Tierra: el canto. \u00bfNo has o\u00eddo nunca el refr\u00e1n quien canta su mal expanta? Es decir, la preocupaci\u00f3n y la actividad mental son generadas por posibles desequilibrios en los \u00f3rganos de Tierra manifest\u00e1ndose con preocupaci\u00f3n activa (agitaci\u00f3n, adicciones, man\u00edas) si est\u00e1 en exceso o con preocupaci\u00f3n pasiva (mantenida en el tiempo) si el elemento est\u00e1 deficiente.<\/p>\n<p>* La ALIMENTACI\u00d3N adecuada a llevar durante el verano tard\u00edo es la que aporte alimentos dulces t\u00edpicos de la estaci\u00f3n (higos, uvas, remolacha), alimentos de color amarillo o naranja (calabaza, zanahoria), especias estimulantes del s. digestivo (canela, jengibre), cereales integrales (arroz integral, quinoa, trigo sarraceno). Evitar los az\u00facares refinados, los alimentos pesados y grasientos y los alimentos crudos.<\/p>\n<p>EN ESTOS D\u00cdAS&#8230;<\/p>\n<p>*** Si sientes que tienes EXCESO de Tierra (hambre y sed desmesuradas, halitosis, sequedad y rigidez muscular, man\u00edas, adicciones, obstinaci\u00f3n, etc.) realiza descansos cuando tengas mucho trabajo intelectual (estudio, oposiciones) y estira tu cuerpo con aperturas de caderas y extensiones atr\u00e1s suaves que estiren los meridianos de Bazo y Est\u00f3mago (YIN YOGA).<\/p>\n<p>*** Si sientes DEFICIENCIA (poco apetito, palidez, debilidad o atrofia muscular, preocupaci\u00f3n, apego, servidumbre) aporta y tonifica la Tierra con posturas de tonificaci\u00f3n abdominal y posturas de pie calentadoras (Yang) y evita abusar de las actividades intelectuales (leer) (YANG YOGA).<\/p>\n<p>Y en cualquier caso CANTA para liberar tu mente de la hiper-reflexi\u00f3n y desarrollar la Aceptaci\u00f3n, Nutrici\u00f3n y Centramiento que la Tierra aporta en su EQUILIBRIO.<\/p>\n<p>www.tcmyoga.org<br \/>\nwww.holisticyogatherapy.org<\/p>","protected":false},"excerpt":{"rendered":"<p>La Fase o Elemento Tierra tao\u00edsta representa la transici\u00f3n entre las estaciones pero tambi\u00e9n cuando aparece ese calor inusual llamado \u201cveranillo del membrillo\u201d, \u201cverano de San Mart\u00edn\u201d, &#8220;verano de San Miguel&#8221; etc. Durante esta estaci\u00f3n aparecen las frutas m\u00e1s dulces como las uvas y aunque los d\u00edas se hacen m\u00e1s &hellip; <\/p>","protected":false},"author":1,"featured_media":0,"comment_status":"closed","ping_status":"closed","sticky":false,"template":"","format":"standard","meta":{"_bbp_topic_count":0,"_bbp_reply_count":0,"_bbp_total_topic_count":0,"_bbp_total_reply_count":0,"_bbp_voice_count":0,"_bbp_anonymous_reply_count":0,"_bbp_topic_count_hidden":0,"_bbp_reply_count_hidden":0,"_bbp_forum_subforum_count":0,"rs_blank_template":"","rs_page_bg_color":"","slide_template_v7":"","footnotes":""},"categories":[154,186,1],"tags":[215,239,157,162,176,188,158,238,192,174,206,213],"class_list":["post-21953","post","type-post","status-publish","format-standard","hentry","category-medicina-china","category-tcmyoga","category-terapias","tag-5elementos","tag-elementotierra","tag-holisticyoga","tag-holisticyogatherapy","tag-mtc","tag-mtcyoga","tag-tcmyoga","tag-tierra","tag-ttyinyoga","tag-yinyoga","tag-yogaestacional","tag-yogasalud"],"yoast_head":"<!-- This site is optimized with the Yoast SEO plugin v28.0 - https:\/\/yoast.com\/product\/yoast-seo-wordpress\/ -->\n<title>VERANO TARD\u00cdO. ELEMENTO TIERRA | Hol\u00edstica Formaci\u00f3n<\/title>\n<meta name=\"description\" content=\"Yoga, Terapias y Vida Saludable. Presencial y Online\" \/>\n<meta name=\"robots\" content=\"index, follow, max-snippet:-1, max-image-preview:large, max-video-preview:-1\" \/>\n<link rel=\"canonical\" href=\"https:\/\/holisticaformacion.com\/en\/verano-tardio-elemento-tierra\/\" \/>\n<meta property=\"og:locale\" content=\"en_GB\" \/>\n<meta property=\"og:type\" content=\"article\" \/>\n<meta property=\"og:title\" content=\"VERANO TARD\u00cdO. ELEMENTO TIERRA | Hol\u00edstica Formaci\u00f3n\" \/>\n<meta property=\"og:description\" content=\"Yoga, Terapias y Vida Saludable. Presencial y Online\" \/>\n<meta property=\"og:url\" content=\"https:\/\/holisticaformacion.com\/en\/verano-tardio-elemento-tierra\/\" \/>\n<meta property=\"og:site_name\" content=\"Hol\u00edstica Formaci\u00f3n\" \/>\n<meta property=\"article:publisher\" content=\"https:\/\/www.facebook.com\/holisticanature\" \/>\n<meta property=\"article:author\" content=\"https:\/\/www.facebook.com\/holisticanature\" \/>\n<meta property=\"article:published_time\" content=\"2018-09-05T05:34:18+00:00\" \/>\n<meta property=\"article:modified_time\" content=\"2021-01-24T18:30:26+00:00\" \/>\n<meta property=\"og:image\" content=\"https:\/\/holisticaformacion.com\/wp-content\/uploads\/2020\/05\/Tierra-scaled.jpg\" \/>\n<meta name=\"author\" content=\"Helena Chac\u00f3n\" \/>\n<meta name=\"twitter:card\" content=\"summary_large_image\" \/>\n<meta name=\"twitter:label1\" content=\"Written by\" \/>\n\t<meta name=\"twitter:data1\" content=\"Helena Chac\u00f3n\" \/>\n\t<meta name=\"twitter:label2\" content=\"Estimated reading time\" \/>\n\t<meta name=\"twitter:data2\" content=\"3 minutes\" \/>\n<script type=\"application\/ld+json\" class=\"yoast-schema-graph\">{\"@context\":\"https:\\\/\\\/schema.org\",\"@graph\":[{\"@type\":\"Article\",\"@id\":\"https:\\\/\\\/holisticaformacion.com\\\/verano-tardio-elemento-tierra\\\/#article\",\"isPartOf\":{\"@id\":\"https:\\\/\\\/holisticaformacion.com\\\/verano-tardio-elemento-tierra\\\/\"},\"author\":{\"name\":\"Helena Chac\u00f3n\",\"@id\":\"https:\\\/\\\/holisticaformacion.com\\\/#\\\/schema\\\/person\\\/dd3ed0fd93ddd122d71b8a0aa6f4587b\"},\"headline\":\"VERANO TARD\u00cdO. ELEMENTO TIERRA\",\"datePublished\":\"2018-09-05T05:34:18+00:00\",\"dateModified\":\"2021-01-24T18:30:26+00:00\",\"mainEntityOfPage\":{\"@id\":\"https:\\\/\\\/holisticaformacion.com\\\/verano-tardio-elemento-tierra\\\/\"},\"wordCount\":543,\"publisher\":{\"@id\":\"https:\\\/\\\/holisticaformacion.com\\\/#organization\"},\"image\":{\"@id\":\"https:\\\/\\\/holisticaformacion.com\\\/verano-tardio-elemento-tierra\\\/#primaryimage\"},\"thumbnailUrl\":\"https:\\\/\\\/holisticaformacion.com\\\/wp-content\\\/uploads\\\/2020\\\/05\\\/Tierra-scaled.jpg\",\"keywords\":[\"5elementos\",\"elementotierra\",\"holisticyoga\",\"holisticyogatherapy\",\"mtc\",\"mtcyoga\",\"tcmyoga\",\"tierra\",\"ttyinyoga\",\"yinyoga\",\"yogaestacional\",\"yogasalud\"],\"articleSection\":[\"Medicina Tradicional China\",\"TCMYoga (Yin,Yang,AcuYoga,XMYoga)\",\"Terapias Naturales\"],\"inLanguage\":\"en-GB\"},{\"@type\":\"WebPage\",\"@id\":\"https:\\\/\\\/holisticaformacion.com\\\/verano-tardio-elemento-tierra\\\/\",\"url\":\"https:\\\/\\\/holisticaformacion.com\\\/verano-tardio-elemento-tierra\\\/\",\"name\":\"VERANO TARD\u00cdO. ELEMENTO TIERRA | Hol\u00edstica Formaci\u00f3n\",\"isPartOf\":{\"@id\":\"https:\\\/\\\/holisticaformacion.com\\\/#website\"},\"primaryImageOfPage\":{\"@id\":\"https:\\\/\\\/holisticaformacion.com\\\/verano-tardio-elemento-tierra\\\/#primaryimage\"},\"image\":{\"@id\":\"https:\\\/\\\/holisticaformacion.com\\\/verano-tardio-elemento-tierra\\\/#primaryimage\"},\"thumbnailUrl\":\"https:\\\/\\\/holisticaformacion.com\\\/wp-content\\\/uploads\\\/2020\\\/05\\\/Tierra-scaled.jpg\",\"datePublished\":\"2018-09-05T05:34:18+00:00\",\"dateModified\":\"2021-01-24T18:30:26+00:00\",\"description\":\"Yoga, Terapias y Vida Saludable. Presencial y Online\",\"breadcrumb\":{\"@id\":\"https:\\\/\\\/holisticaformacion.com\\\/verano-tardio-elemento-tierra\\\/#breadcrumb\"},\"inLanguage\":\"en-GB\",\"potentialAction\":[{\"@type\":\"ReadAction\",\"target\":[\"https:\\\/\\\/holisticaformacion.com\\\/verano-tardio-elemento-tierra\\\/\"]}]},{\"@type\":\"ImageObject\",\"inLanguage\":\"en-GB\",\"@id\":\"https:\\\/\\\/holisticaformacion.com\\\/verano-tardio-elemento-tierra\\\/#primaryimage\",\"url\":\"https:\\\/\\\/holisticaformacion.com\\\/wp-content\\\/uploads\\\/2020\\\/05\\\/Tierra-scaled.jpg\",\"contentUrl\":\"https:\\\/\\\/holisticaformacion.com\\\/wp-content\\\/uploads\\\/2020\\\/05\\\/Tierra-scaled.jpg\"},{\"@type\":\"BreadcrumbList\",\"@id\":\"https:\\\/\\\/holisticaformacion.com\\\/verano-tardio-elemento-tierra\\\/#breadcrumb\",\"itemListElement\":[{\"@type\":\"ListItem\",\"position\":1,\"name\":\"Portada\",\"item\":\"https:\\\/\\\/holisticaformacion.com\\\/\"},{\"@type\":\"ListItem\",\"position\":2,\"name\":\"VERANO TARD\u00cdO. ELEMENTO TIERRA\"}]},{\"@type\":\"WebSite\",\"@id\":\"https:\\\/\\\/holisticaformacion.com\\\/#website\",\"url\":\"https:\\\/\\\/holisticaformacion.com\\\/\",\"name\":\"www.holisticaformacion.com\",\"description\":\"Campus Online de Hol\u00edstica Nature\",\"publisher\":{\"@id\":\"https:\\\/\\\/holisticaformacion.com\\\/#organization\"},\"potentialAction\":[{\"@type\":\"SearchAction\",\"target\":{\"@type\":\"EntryPoint\",\"urlTemplate\":\"https:\\\/\\\/holisticaformacion.com\\\/?s={search_term_string}\"},\"query-input\":{\"@type\":\"PropertyValueSpecification\",\"valueRequired\":true,\"valueName\":\"search_term_string\"}}],\"inLanguage\":\"en-GB\"},{\"@type\":\"Organization\",\"@id\":\"https:\\\/\\\/holisticaformacion.com\\\/#organization\",\"name\":\"Hol\u00edstica Formaci\u00f3n\",\"alternateName\":\"Holistica Nature, Ecoturismo, Formaci\u00f3n y Bienestar S.L.\",\"url\":\"https:\\\/\\\/holisticaformacion.com\\\/\",\"logo\":{\"@type\":\"ImageObject\",\"inLanguage\":\"en-GB\",\"@id\":\"https:\\\/\\\/holisticaformacion.com\\\/#\\\/schema\\\/logo\\\/image\\\/\",\"url\":\"https:\\\/\\\/holisticaformacion.com\\\/wp-content\\\/uploads\\\/2026\\\/02\\\/Nuevo-Logo-HF-cuadrado-blanco-1024x1024.png\",\"contentUrl\":\"https:\\\/\\\/holisticaformacion.com\\\/wp-content\\\/uploads\\\/2026\\\/02\\\/Nuevo-Logo-HF-cuadrado-blanco-1024x1024.png\",\"width\":1024,\"height\":1024,\"caption\":\"Hol\u00edstica Formaci\u00f3n\"},\"image\":{\"@id\":\"https:\\\/\\\/holisticaformacion.com\\\/#\\\/schema\\\/logo\\\/image\\\/\"},\"sameAs\":[\"https:\\\/\\\/www.facebook.com\\\/holisticanature\",\"https:\\\/\\\/www.instagram.com\\\/holisticanature\\\/\"]},{\"@type\":\"Person\",\"@id\":\"https:\\\/\\\/holisticaformacion.com\\\/#\\\/schema\\\/person\\\/dd3ed0fd93ddd122d71b8a0aa6f4587b\",\"name\":\"Helena Chac\u00f3n\",\"image\":{\"@type\":\"ImageObject\",\"inLanguage\":\"en-GB\",\"@id\":\"https:\\\/\\\/holisticaformacion.com\\\/wp-content\\\/uploads\\\/avatars\\\/1\\\/6198beb295f3f-bpfull.png\",\"url\":\"https:\\\/\\\/holisticaformacion.com\\\/wp-content\\\/uploads\\\/avatars\\\/1\\\/6198beb295f3f-bpfull.png\",\"contentUrl\":\"https:\\\/\\\/holisticaformacion.com\\\/wp-content\\\/uploads\\\/avatars\\\/1\\\/6198beb295f3f-bpfull.png\",\"caption\":\"Helena Chac\u00f3n\"},\"sameAs\":[\"https:\\\/\\\/holisticaformacion.com\",\"https:\\\/\\\/www.facebook.com\\\/holisticanature\"],\"url\":\"https:\\\/\\\/holisticaformacion.com\\\/en\\\/usuarios\\\/holistica\\\/\"}]}<\/script>\n<!-- \/ Yoast SEO plugin. -->","yoast_head_json":{"title":"VERANO TARD\u00cdO. ELEMENTO TIERRA | Hol\u00edstica Formaci\u00f3n","description":"Yoga, Therapies and Healthy Living. In-person and online","robots":{"index":"index","follow":"follow","max-snippet":"max-snippet:-1","max-image-preview":"max-image-preview:large","max-video-preview":"max-video-preview:-1"},"canonical":"https:\/\/holisticaformacion.com\/en\/verano-tardio-elemento-tierra\/","og_locale":"en_GB","og_type":"article","og_title":"VERANO TARD\u00cdO. ELEMENTO TIERRA | Hol\u00edstica Formaci\u00f3n","og_description":"Yoga, Terapias y Vida Saludable. Presencial y Online","og_url":"https:\/\/holisticaformacion.com\/en\/verano-tardio-elemento-tierra\/","og_site_name":"Hol\u00edstica Formaci\u00f3n","article_publisher":"https:\/\/www.facebook.com\/holisticanature","article_author":"https:\/\/www.facebook.com\/holisticanature","article_published_time":"2018-09-05T05:34:18+00:00","article_modified_time":"2021-01-24T18:30:26+00:00","og_image":[{"url":"https:\/\/holisticaformacion.com\/wp-content\/uploads\/2020\/05\/Tierra-scaled.jpg","type":"","width":"","height":""}],"author":"Helena Chac\u00f3n","twitter_card":"summary_large_image","twitter_misc":{"Written by":"Helena Chac\u00f3n","Estimated reading time":"3 minutes"},"schema":{"@context":"https:\/\/schema.org","@graph":[{"@type":"Article","@id":"https:\/\/holisticaformacion.com\/verano-tardio-elemento-tierra\/#article","isPartOf":{"@id":"https:\/\/holisticaformacion.com\/verano-tardio-elemento-tierra\/"},"author":{"name":"Helena Chac\u00f3n","@id":"https:\/\/holisticaformacion.com\/#\/schema\/person\/dd3ed0fd93ddd122d71b8a0aa6f4587b"},"headline":"VERANO TARD\u00cdO. ELEMENTO TIERRA","datePublished":"2018-09-05T05:34:18+00:00","dateModified":"2021-01-24T18:30:26+00:00","mainEntityOfPage":{"@id":"https:\/\/holisticaformacion.com\/verano-tardio-elemento-tierra\/"},"wordCount":543,"publisher":{"@id":"https:\/\/holisticaformacion.com\/#organization"},"image":{"@id":"https:\/\/holisticaformacion.com\/verano-tardio-elemento-tierra\/#primaryimage"},"thumbnailUrl":"https:\/\/holisticaformacion.com\/wp-content\/uploads\/2020\/05\/Tierra-scaled.jpg","keywords":["5elementos","elementotierra","holisticyoga","holisticyogatherapy","mtc","mtcyoga","tcmyoga","tierra","ttyinyoga","yinyoga","yogaestacional","yogasalud"],"articleSection":["Medicina Tradicional China","TCMYoga (Yin,Yang,AcuYoga,XMYoga)","Terapias Naturales"],"inLanguage":"en-GB"},{"@type":"WebPage","@id":"https:\/\/holisticaformacion.com\/verano-tardio-elemento-tierra\/","url":"https:\/\/holisticaformacion.com\/verano-tardio-elemento-tierra\/","name":"VERANO TARD\u00cdO. ELEMENTO TIERRA | Hol\u00edstica Formaci\u00f3n","isPartOf":{"@id":"https:\/\/holisticaformacion.com\/#website"},"primaryImageOfPage":{"@id":"https:\/\/holisticaformacion.com\/verano-tardio-elemento-tierra\/#primaryimage"},"image":{"@id":"https:\/\/holisticaformacion.com\/verano-tardio-elemento-tierra\/#primaryimage"},"thumbnailUrl":"https:\/\/holisticaformacion.com\/wp-content\/uploads\/2020\/05\/Tierra-scaled.jpg","datePublished":"2018-09-05T05:34:18+00:00","dateModified":"2021-01-24T18:30:26+00:00","description":"Yoga, Therapies and Healthy Living. In-person and online","breadcrumb":{"@id":"https:\/\/holisticaformacion.com\/verano-tardio-elemento-tierra\/#breadcrumb"},"inLanguage":"en-GB","potentialAction":[{"@type":"ReadAction","target":["https:\/\/holisticaformacion.com\/verano-tardio-elemento-tierra\/"]}]},{"@type":"ImageObject","inLanguage":"en-GB","@id":"https:\/\/holisticaformacion.com\/verano-tardio-elemento-tierra\/#primaryimage","url":"https:\/\/holisticaformacion.com\/wp-content\/uploads\/2020\/05\/Tierra-scaled.jpg","contentUrl":"https:\/\/holisticaformacion.com\/wp-content\/uploads\/2020\/05\/Tierra-scaled.jpg"},{"@type":"BreadcrumbList","@id":"https:\/\/holisticaformacion.com\/verano-tardio-elemento-tierra\/#breadcrumb","itemListElement":[{"@type":"ListItem","position":1,"name":"Portada","item":"https:\/\/holisticaformacion.com\/"},{"@type":"ListItem","position":2,"name":"VERANO TARD\u00cdO. ELEMENTO TIERRA"}]},{"@type":"WebSite","@id":"https:\/\/holisticaformacion.com\/#website","url":"https:\/\/holisticaformacion.com\/","name":"www.holisticaformacion.com","description":"Hol\u00edstica Nature Online Campus","publisher":{"@id":"https:\/\/holisticaformacion.com\/#organization"},"potentialAction":[{"@type":"SearchAction","target":{"@type":"EntryPoint","urlTemplate":"https:\/\/holisticaformacion.com\/?s={search_term_string}"},"query-input":{"@type":"PropertyValueSpecification","valueRequired":true,"valueName":"search_term_string"}}],"inLanguage":"en-GB"},{"@type":"Organization","@id":"https:\/\/holisticaformacion.com\/#organization","name":"Holistic Training","alternateName":"Holistica Nature, Ecoturismo, Formaci\u00f3n y Bienestar S.L.","url":"https:\/\/holisticaformacion.com\/","logo":{"@type":"ImageObject","inLanguage":"en-GB","@id":"https:\/\/holisticaformacion.com\/#\/schema\/logo\/image\/","url":"https:\/\/holisticaformacion.com\/wp-content\/uploads\/2026\/02\/Nuevo-Logo-HF-cuadrado-blanco-1024x1024.png","contentUrl":"https:\/\/holisticaformacion.com\/wp-content\/uploads\/2026\/02\/Nuevo-Logo-HF-cuadrado-blanco-1024x1024.png","width":1024,"height":1024,"caption":"Hol\u00edstica Formaci\u00f3n"},"image":{"@id":"https:\/\/holisticaformacion.com\/#\/schema\/logo\/image\/"},"sameAs":["https:\/\/www.facebook.com\/holisticanature","https:\/\/www.instagram.com\/holisticanature\/"]},{"@type":"Person","@id":"https:\/\/holisticaformacion.com\/#\/schema\/person\/dd3ed0fd93ddd122d71b8a0aa6f4587b","name":"Helena Chac\u00f3n","image":{"@type":"ImageObject","inLanguage":"en-GB","@id":"https:\/\/holisticaformacion.com\/wp-content\/uploads\/avatars\/1\/6198beb295f3f-bpfull.png","url":"https:\/\/holisticaformacion.com\/wp-content\/uploads\/avatars\/1\/6198beb295f3f-bpfull.png","contentUrl":"https:\/\/holisticaformacion.com\/wp-content\/uploads\/avatars\/1\/6198beb295f3f-bpfull.png","caption":"Helena Chac\u00f3n"},"sameAs":["https:\/\/holisticaformacion.com","https:\/\/www.facebook.com\/holisticanature"],"url":"https:\/\/holisticaformacion.com\/en\/usuarios\/holistica\/"}]}},"_links":{"self":[{"href":"https:\/\/holisticaformacion.com\/en\/wp-json\/wp\/v2\/posts\/21953","targetHints":{"allow":["GET"]}}],"collection":[{"href":"https:\/\/holisticaformacion.com\/en\/wp-json\/wp\/v2\/posts"}],"about":[{"href":"https:\/\/holisticaformacion.com\/en\/wp-json\/wp\/v2\/types\/post"}],"author":[{"embeddable":true,"href":"https:\/\/holisticaformacion.com\/en\/wp-json\/wp\/v2\/users\/1"}],"replies":[{"embeddable":true,"href":"https:\/\/holisticaformacion.com\/en\/wp-json\/wp\/v2\/comments?post=21953"}],"version-history":[{"count":3,"href":"https:\/\/holisticaformacion.com\/en\/wp-json\/wp\/v2\/posts\/21953\/revisions"}],"predecessor-version":[{"id":31304,"href":"https:\/\/holisticaformacion.com\/en\/wp-json\/wp\/v2\/posts\/21953\/revisions\/31304"}],"wp:attachment":[{"href":"https:\/\/holisticaformacion.com\/en\/wp-json\/wp\/v2\/media?parent=21953"}],"wp:term":[{"taxonomy":"category","embeddable":true,"href":"https:\/\/holisticaformacion.com\/en\/wp-json\/wp\/v2\/categories?post=21953"},{"taxonomy":"post_tag","embeddable":true,"href":"https:\/\/holisticaformacion.com\/en\/wp-json\/wp\/v2\/tags?post=21953"}],"curies":[{"name":"wp","href":"https:\/\/api.w.org\/{rel}","templated":true}]}}