{"id":21988,"date":"2019-05-12T08:22:47","date_gmt":"2019-05-12T06:22:47","guid":{"rendered":"https:\/\/holisticaformacion.com\/?p=21988"},"modified":"2021-01-24T20:26:31","modified_gmt":"2021-01-24T18:26:31","slug":"yoga-y-chakras-tendencias-arquetipicas-primer-chakra","status":"publish","type":"post","link":"https:\/\/holisticaformacion.com\/en\/yoga-y-chakras-tendencias-arquetipicas-primer-chakra\/","title":{"rendered":"YOGA AND CHAKRAS. ARCHETYPAL TRENDS. THE FIRST CHAKRA"},"content":{"rendered":"<p style=\"text-align: center;\"><img loading=\"lazy\" decoding=\"async\" class=\"aligncenter wp-image-21989\" src=\"https:\/\/holisticaformacion.com\/wp-content\/uploads\/2020\/05\/chakras_ayuryoga_final.png\" alt=\"\" width=\"556\" height=\"403\" srcset=\"https:\/\/holisticaformacion.com\/wp-content\/uploads\/2020\/05\/chakras_ayuryoga_final.png 600w, https:\/\/holisticaformacion.com\/wp-content\/uploads\/2020\/05\/chakras_ayuryoga_final-400x290.png 400w, https:\/\/holisticaformacion.com\/wp-content\/uploads\/2020\/05\/chakras_ayuryoga_final-300x218.png 300w\" sizes=\"auto, (max-width: 556px) 100vw, 556px\" \/><\/p>\n<p>La palabra Chakra es un t\u00e9rmino s\u00e1nscrito que frecuentemente se traduce como &#8220;rueda&#8221; o &#8220;v\u00f3rtice&#8221;. Aunque se relacionan con transmisi\u00f3n y recepci\u00f3n de energ\u00eda tambi\u00e9n influyen en nuestro cuerpo f\u00edsico y para muchos autores los 7 Chakras principales que describe la tradici\u00f3n del Yoga est\u00e1n vinculados con las gl\u00e1ndulas endocrinas.<br \/>\nCuando realizamos una pr\u00e1ctica de Asanas estamos actuando en regiones que est\u00e1n relacionadas con uno o m\u00e1s chakras. El modo en que ejecutemos las posturas (Solar o Lunar) influir\u00e1 en si estamos aportando energ\u00eda al Chakra o favoreciendo su eliminaci\u00f3n.<br \/>\nA nivel m\u00e1s sutil, en AyurYoga\u00ae utilizamos meditaci\u00f3n, visualizaci\u00f3n, mantras, mudras, etc. para hacernos conscientes del patr\u00f3n emocional o mental en desequilibrio de un Chakra y c\u00f3mo corregirlo con la pr\u00e1ctica continuada.<br \/>\nNuestra vida es muchas veces dirigidas por Arquetipos Mentales. Un Arquetipo es un &#8220;modelo&#8221; que integra alg\u00fan\/o aspecto del inconsciente colectivo. Est\u00e1 basado en creencias mentales que moldean nuestra vida. Cuando visualizamos o meditamos en un Arquetipo a alcanzar (por ejemplo, el de equilibrio de un Chakra) estamos evocando o despertando un aspecto que yace en nuestro cuerpo energ\u00e9tico y de este modo somos capaces de modificar nuestro modo de creencias.<br \/>\n? En el m\u00e9todo AyurYoga\u00ae aprendemos a reconocer tendencias arquet\u00edpicas que nos muestran cu\u00e1ndo un Chakra est\u00e1 en DEFICIENCIA o en EXCESO y c\u00f3mo trabajar ambos desequilibrios.<\/p>\n<p><strong>PRIMER CHAKRA.<\/strong><br \/>\nNuestro primer Chakra se localiza en el perineo y se suele vincular a las gl\u00e1ndulas suprarrenales de los ri\u00f1ones las cuales regulan la respuesta de estr\u00e9s. No es de extra\u00f1ar ya que el primer Chakra se relaciona con la Supervivencia, el Instito y la Voluntad.<br \/>\nCuando est\u00e1 en EQUILIBRIO nos aporta cualidades de Seguridad interior, Estabilidad, Tranquilidad, Enraizamiento, Sensaci\u00f3n de pertenencia&#8230;Nos sentimos nutridos &#8220;desde dentro&#8221; vibrando con lo que llamamos el Arquetipo de la &#8220;MADRE TIERRA&#8221;.<br \/>\nPero si nuestra vida vibra poco con este chakra, podemos comenzar a movernos desde el miedo, la falta de seguridad, la desconfianza, la depresi\u00f3n. A la persona le cuesta cuidar de s\u00ed misma por lo que aparece el Arquetipo de la &#8220;V\u00cdCTIMA&#8221;.<br \/>\nPor el contrario, si nuestra vida est\u00e1 dominada por el Exceso en el primer Chakra, nos dominar\u00e1 el mundo material y terrenal. Aparece la gula, la avaricia, el estado de ansiedad que se caracteriza cuando basamos nuestra felicidad en los bienes materiales. Nuestra mente se vuelve r\u00edgida y ansiosa. Arquetipo &#8220;El R\u00cdGIDO&#8221;.<\/p>\n<p>Y as\u00ed sucesivamente para cada Chakra. \u00bfA qu\u00e9 es fascinante?<\/p>\n<p>Conoce m\u00e1s sobre nuestro <a href=\"https:\/\/holisticaformacion.com\/en\/courses\/formacion-en-ayuryoga\/\">M\u00c9TODO AYURYOGA\u00ae en nuestros Cursos y Formaciones<\/a><\/p>\n<p>Este material es extra\u00eddo de nuestra formaci\u00f3n y para llegar a redactarlo y escribirlo se ha necesitado muchas muchas horas de trabajo, autoreflexi\u00f3n, investigaci\u00f3n y estudio. Por favor, menciona la fuente si decides compartir. Gracias!<\/p>\n<p><a href=\"https:\/\/l.facebook.com\/l.php?u=http%3A%2F%2Fwww.ayuryoga.es%2F%3Ffbclid%3DIwAR1KWXP_Z2Hu9qyJMH9gf4W5x4l8O_EDKRDXzgwEhB4HzDA9wDXfUu6rm6U&amp;h=AT1IavEfLR2gZnPAYPUg4JKvQ6lZzt8YMHaR1or8XBZVaYdI20pSdhV-pfgocmbUlnIrNSQiGaamtvmcXN3yC_zS9wCI86X3EsGgrGi3W_0W2Fk-Y8nlatZXBPppiymlHgi7zhNsVsBwR5PhdOxLdiGh5YF9wpMRByvkLZ6IzgYK-FvmE-0Elb-b9CePd_UkH8jNVrGq8YrAwqGZIHHmtzTFkyXznHltcjsgIR94bg3_iI5Phc__-0lzOqMsUdPUT39EXEyLhugnieGV2bhbU4_H9mwwUULAfzdVGtFoj6N2rsNe1bBYMNlsFs9nbw25RNbxawPEWMIJB0qgYZh47_CSaWODNN4J7xalW-6p8LliYKaHJuAjluhnJoFMks7PPMZHJTFMXweg3XmmKkF-_B86XBVq6QxLFTDImKIOmJ1Op70bDzC30r3LiQqQ17Wg3U3SblHQ1JQqlGs9FSDBcWqSC3YGBXBiHFbvTVO0_aU_VeEo3iaDLWpdmca-tKKWsDA1UoblFu3SF4MHFblrXSQPV8EewQJ4tfpoFDSg3HRs185o_6-Lx0L2otalaeOyuI-Z-txxBAyms4LcN3OJkyA2bkqZran5iWY9KnEK7FIAymEEHIwc-pL67bxNPc95fsnx\" target=\"_blank\" rel=\"nofollow noopener noreferrer\" data-ft=\"{&quot;tn&quot;:&quot;-U&quot;}\" data-lynx-mode=\"async\">www.ayuryoga.es<\/a><br \/>\n<span id=\"cloak22609eeed3557d6df977888ef2ece7a8\"><a href=\"mailto:info@ayuryoga.es\">info@ayuryoga.es<\/a><\/span><\/p>","protected":false},"excerpt":{"rendered":"<p>La palabra Chakra es un t\u00e9rmino s\u00e1nscrito que frecuentemente se traduce como &#8220;rueda&#8221; o &#8220;v\u00f3rtice&#8221;. Aunque se relacionan con transmisi\u00f3n y recepci\u00f3n de energ\u00eda tambi\u00e9n influyen en nuestro cuerpo f\u00edsico y para muchos autores los 7 Chakras principales que describe la tradici\u00f3n del Yoga est\u00e1n vinculados con las gl\u00e1ndulas endocrinas. &hellip; <\/p>","protected":false},"author":1,"featured_media":0,"comment_status":"closed","ping_status":"closed","sticky":false,"template":"","format":"standard","meta":{"_bbp_topic_count":0,"_bbp_reply_count":0,"_bbp_total_topic_count":0,"_bbp_total_reply_count":0,"_bbp_voice_count":0,"_bbp_anonymous_reply_count":0,"_bbp_topic_count_hidden":0,"_bbp_reply_count_hidden":0,"_bbp_forum_subforum_count":0,"rs_blank_template":"","rs_page_bg_color":"","slide_template_v7":"","footnotes":""},"categories":[179,76,149],"tags":[182,159,254,261,157,162,256,180,161,181,255],"class_list":["post-21988","post","type-post","status-publish","format-standard","hentry","category-yoga-ayurvedico","category-yoga","category-yogaterapeutico","tag-ayurveda","tag-ayuryoga","tag-chakras","tag-chakrasarquetipos","tag-holisticyoga","tag-holisticyogatherapy","tag-tendenciasarquetipicas","tag-yogaayurvedico","tag-yogakula","tag-yogayayurveda","tag-yogaychakras"],"yoast_head":"<!-- This site is optimized with the Yoast SEO plugin v28.0 - https:\/\/yoast.com\/product\/yoast-seo-wordpress\/ -->\n<title>YOGA Y CHAKRAS. TENDENCIAS ARQUET\u00cdPICAS. 1ER CHAKRA | Hol\u00edstica Formaci\u00f3n<\/title>\n<meta name=\"description\" content=\"Yoga, Terapias y Vida Saludable. Presencial y Online\" \/>\n<meta name=\"robots\" content=\"index, follow, max-snippet:-1, max-image-preview:large, max-video-preview:-1\" \/>\n<link rel=\"canonical\" href=\"https:\/\/holisticaformacion.com\/en\/yoga-y-chakras-tendencias-arquetipicas-primer-chakra\/\" \/>\n<meta property=\"og:locale\" content=\"en_GB\" \/>\n<meta property=\"og:type\" content=\"article\" \/>\n<meta property=\"og:title\" content=\"YOGA Y CHAKRAS. TENDENCIAS ARQUET\u00cdPICAS. 1ER CHAKRA | Hol\u00edstica Formaci\u00f3n\" \/>\n<meta property=\"og:description\" content=\"Yoga, Terapias y Vida Saludable. Presencial y Online\" \/>\n<meta property=\"og:url\" content=\"https:\/\/holisticaformacion.com\/en\/yoga-y-chakras-tendencias-arquetipicas-primer-chakra\/\" \/>\n<meta property=\"og:site_name\" content=\"Hol\u00edstica Formaci\u00f3n\" \/>\n<meta property=\"article:publisher\" content=\"https:\/\/www.facebook.com\/holisticanature\" \/>\n<meta property=\"article:author\" content=\"https:\/\/www.facebook.com\/holisticanature\" \/>\n<meta property=\"article:published_time\" content=\"2019-05-12T06:22:47+00:00\" \/>\n<meta property=\"article:modified_time\" content=\"2021-01-24T18:26:31+00:00\" \/>\n<meta property=\"og:image\" content=\"https:\/\/holisticaformacion.com\/wp-content\/uploads\/2020\/05\/chakras_ayuryoga_final.png\" \/>\n<meta name=\"author\" content=\"Helena Chac\u00f3n\" \/>\n<meta name=\"twitter:card\" content=\"summary_large_image\" \/>\n<meta name=\"twitter:label1\" content=\"Written by\" \/>\n\t<meta name=\"twitter:data1\" content=\"Helena Chac\u00f3n\" \/>\n\t<meta name=\"twitter:label2\" content=\"Estimated reading time\" \/>\n\t<meta name=\"twitter:data2\" content=\"2 minutes\" \/>\n<script type=\"application\/ld+json\" class=\"yoast-schema-graph\">{\"@context\":\"https:\\\/\\\/schema.org\",\"@graph\":[{\"@type\":\"Article\",\"@id\":\"https:\\\/\\\/holisticaformacion.com\\\/yoga-y-chakras-tendencias-arquetipicas-primer-chakra\\\/#article\",\"isPartOf\":{\"@id\":\"https:\\\/\\\/holisticaformacion.com\\\/yoga-y-chakras-tendencias-arquetipicas-primer-chakra\\\/\"},\"author\":{\"name\":\"Helena Chac\u00f3n\",\"@id\":\"https:\\\/\\\/holisticaformacion.com\\\/#\\\/schema\\\/person\\\/dd3ed0fd93ddd122d71b8a0aa6f4587b\"},\"headline\":\"YOGA Y CHAKRAS. TENDENCIAS ARQUET\u00cdPICAS. 1ER CHAKRA\",\"datePublished\":\"2019-05-12T06:22:47+00:00\",\"dateModified\":\"2021-01-24T18:26:31+00:00\",\"mainEntityOfPage\":{\"@id\":\"https:\\\/\\\/holisticaformacion.com\\\/yoga-y-chakras-tendencias-arquetipicas-primer-chakra\\\/\"},\"wordCount\":505,\"publisher\":{\"@id\":\"https:\\\/\\\/holisticaformacion.com\\\/#organization\"},\"image\":{\"@id\":\"https:\\\/\\\/holisticaformacion.com\\\/yoga-y-chakras-tendencias-arquetipicas-primer-chakra\\\/#primaryimage\"},\"thumbnailUrl\":\"https:\\\/\\\/holisticaformacion.com\\\/wp-content\\\/uploads\\\/2020\\\/05\\\/chakras_ayuryoga_final.png\",\"keywords\":[\"ayurveda\",\"ayuryoga\",\"chakras\",\"chakrasarquetipos\",\"holisticyoga\",\"holisticyogatherapy\",\"tendenciasarquet\u00edpicas\",\"yogaayurv\u00e9dico\",\"yogakula\",\"yogayayurveda\",\"yogaychakras\"],\"articleSection\":[\"AyurYoga\",\"Yoga\",\"Yogaterapeutico\"],\"inLanguage\":\"en-GB\"},{\"@type\":\"WebPage\",\"@id\":\"https:\\\/\\\/holisticaformacion.com\\\/yoga-y-chakras-tendencias-arquetipicas-primer-chakra\\\/\",\"url\":\"https:\\\/\\\/holisticaformacion.com\\\/yoga-y-chakras-tendencias-arquetipicas-primer-chakra\\\/\",\"name\":\"YOGA Y CHAKRAS. TENDENCIAS ARQUET\u00cdPICAS. 1ER CHAKRA | Hol\u00edstica Formaci\u00f3n\",\"isPartOf\":{\"@id\":\"https:\\\/\\\/holisticaformacion.com\\\/#website\"},\"primaryImageOfPage\":{\"@id\":\"https:\\\/\\\/holisticaformacion.com\\\/yoga-y-chakras-tendencias-arquetipicas-primer-chakra\\\/#primaryimage\"},\"image\":{\"@id\":\"https:\\\/\\\/holisticaformacion.com\\\/yoga-y-chakras-tendencias-arquetipicas-primer-chakra\\\/#primaryimage\"},\"thumbnailUrl\":\"https:\\\/\\\/holisticaformacion.com\\\/wp-content\\\/uploads\\\/2020\\\/05\\\/chakras_ayuryoga_final.png\",\"datePublished\":\"2019-05-12T06:22:47+00:00\",\"dateModified\":\"2021-01-24T18:26:31+00:00\",\"description\":\"Yoga, Terapias y Vida Saludable. Presencial y Online\",\"breadcrumb\":{\"@id\":\"https:\\\/\\\/holisticaformacion.com\\\/yoga-y-chakras-tendencias-arquetipicas-primer-chakra\\\/#breadcrumb\"},\"inLanguage\":\"en-GB\",\"potentialAction\":[{\"@type\":\"ReadAction\",\"target\":[\"https:\\\/\\\/holisticaformacion.com\\\/yoga-y-chakras-tendencias-arquetipicas-primer-chakra\\\/\"]}]},{\"@type\":\"ImageObject\",\"inLanguage\":\"en-GB\",\"@id\":\"https:\\\/\\\/holisticaformacion.com\\\/yoga-y-chakras-tendencias-arquetipicas-primer-chakra\\\/#primaryimage\",\"url\":\"https:\\\/\\\/holisticaformacion.com\\\/wp-content\\\/uploads\\\/2020\\\/05\\\/chakras_ayuryoga_final.png\",\"contentUrl\":\"https:\\\/\\\/holisticaformacion.com\\\/wp-content\\\/uploads\\\/2020\\\/05\\\/chakras_ayuryoga_final.png\"},{\"@type\":\"BreadcrumbList\",\"@id\":\"https:\\\/\\\/holisticaformacion.com\\\/yoga-y-chakras-tendencias-arquetipicas-primer-chakra\\\/#breadcrumb\",\"itemListElement\":[{\"@type\":\"ListItem\",\"position\":1,\"name\":\"Portada\",\"item\":\"https:\\\/\\\/holisticaformacion.com\\\/\"},{\"@type\":\"ListItem\",\"position\":2,\"name\":\"YOGA Y CHAKRAS. TENDENCIAS ARQUET\u00cdPICAS. 1ER CHAKRA\"}]},{\"@type\":\"WebSite\",\"@id\":\"https:\\\/\\\/holisticaformacion.com\\\/#website\",\"url\":\"https:\\\/\\\/holisticaformacion.com\\\/\",\"name\":\"www.holisticaformacion.com\",\"description\":\"Campus Online de Hol\u00edstica Nature\",\"publisher\":{\"@id\":\"https:\\\/\\\/holisticaformacion.com\\\/#organization\"},\"potentialAction\":[{\"@type\":\"SearchAction\",\"target\":{\"@type\":\"EntryPoint\",\"urlTemplate\":\"https:\\\/\\\/holisticaformacion.com\\\/?s={search_term_string}\"},\"query-input\":{\"@type\":\"PropertyValueSpecification\",\"valueRequired\":true,\"valueName\":\"search_term_string\"}}],\"inLanguage\":\"en-GB\"},{\"@type\":\"Organization\",\"@id\":\"https:\\\/\\\/holisticaformacion.com\\\/#organization\",\"name\":\"Hol\u00edstica Formaci\u00f3n\",\"alternateName\":\"Holistica Nature, Ecoturismo, Formaci\u00f3n y Bienestar S.L.\",\"url\":\"https:\\\/\\\/holisticaformacion.com\\\/\",\"logo\":{\"@type\":\"ImageObject\",\"inLanguage\":\"en-GB\",\"@id\":\"https:\\\/\\\/holisticaformacion.com\\\/#\\\/schema\\\/logo\\\/image\\\/\",\"url\":\"https:\\\/\\\/holisticaformacion.com\\\/wp-content\\\/uploads\\\/2026\\\/02\\\/Nuevo-Logo-HF-cuadrado-blanco-1024x1024.png\",\"contentUrl\":\"https:\\\/\\\/holisticaformacion.com\\\/wp-content\\\/uploads\\\/2026\\\/02\\\/Nuevo-Logo-HF-cuadrado-blanco-1024x1024.png\",\"width\":1024,\"height\":1024,\"caption\":\"Hol\u00edstica Formaci\u00f3n\"},\"image\":{\"@id\":\"https:\\\/\\\/holisticaformacion.com\\\/#\\\/schema\\\/logo\\\/image\\\/\"},\"sameAs\":[\"https:\\\/\\\/www.facebook.com\\\/holisticanature\",\"https:\\\/\\\/www.instagram.com\\\/holisticanature\\\/\"]},{\"@type\":\"Person\",\"@id\":\"https:\\\/\\\/holisticaformacion.com\\\/#\\\/schema\\\/person\\\/dd3ed0fd93ddd122d71b8a0aa6f4587b\",\"name\":\"Helena Chac\u00f3n\",\"image\":{\"@type\":\"ImageObject\",\"inLanguage\":\"en-GB\",\"@id\":\"https:\\\/\\\/holisticaformacion.com\\\/wp-content\\\/uploads\\\/avatars\\\/1\\\/6198beb295f3f-bpfull.png\",\"url\":\"https:\\\/\\\/holisticaformacion.com\\\/wp-content\\\/uploads\\\/avatars\\\/1\\\/6198beb295f3f-bpfull.png\",\"contentUrl\":\"https:\\\/\\\/holisticaformacion.com\\\/wp-content\\\/uploads\\\/avatars\\\/1\\\/6198beb295f3f-bpfull.png\",\"caption\":\"Helena Chac\u00f3n\"},\"sameAs\":[\"https:\\\/\\\/holisticaformacion.com\",\"https:\\\/\\\/www.facebook.com\\\/holisticanature\"],\"url\":\"https:\\\/\\\/holisticaformacion.com\\\/en\\\/usuarios\\\/holistica\\\/\"}]}<\/script>\n<!-- \/ Yoast SEO plugin. -->","yoast_head_json":{"title":"YOGA Y CHAKRAS. TENDENCIAS ARQUET\u00cdPICAS. 1ER CHAKRA | Hol\u00edstica Formaci\u00f3n","description":"Yoga, Therapies and Healthy Living. In-person and online","robots":{"index":"index","follow":"follow","max-snippet":"max-snippet:-1","max-image-preview":"max-image-preview:large","max-video-preview":"max-video-preview:-1"},"canonical":"https:\/\/holisticaformacion.com\/en\/yoga-y-chakras-tendencias-arquetipicas-primer-chakra\/","og_locale":"en_GB","og_type":"article","og_title":"YOGA Y CHAKRAS. TENDENCIAS ARQUET\u00cdPICAS. 1ER CHAKRA | Hol\u00edstica Formaci\u00f3n","og_description":"Yoga, Terapias y Vida Saludable. Presencial y Online","og_url":"https:\/\/holisticaformacion.com\/en\/yoga-y-chakras-tendencias-arquetipicas-primer-chakra\/","og_site_name":"Hol\u00edstica Formaci\u00f3n","article_publisher":"https:\/\/www.facebook.com\/holisticanature","article_author":"https:\/\/www.facebook.com\/holisticanature","article_published_time":"2019-05-12T06:22:47+00:00","article_modified_time":"2021-01-24T18:26:31+00:00","og_image":[{"url":"https:\/\/holisticaformacion.com\/wp-content\/uploads\/2020\/05\/chakras_ayuryoga_final.png","type":"","width":"","height":""}],"author":"Helena Chac\u00f3n","twitter_card":"summary_large_image","twitter_misc":{"Written by":"Helena Chac\u00f3n","Estimated reading time":"2 minutes"},"schema":{"@context":"https:\/\/schema.org","@graph":[{"@type":"Article","@id":"https:\/\/holisticaformacion.com\/yoga-y-chakras-tendencias-arquetipicas-primer-chakra\/#article","isPartOf":{"@id":"https:\/\/holisticaformacion.com\/yoga-y-chakras-tendencias-arquetipicas-primer-chakra\/"},"author":{"name":"Helena Chac\u00f3n","@id":"https:\/\/holisticaformacion.com\/#\/schema\/person\/dd3ed0fd93ddd122d71b8a0aa6f4587b"},"headline":"YOGA Y CHAKRAS. TENDENCIAS ARQUET\u00cdPICAS. 1ER CHAKRA","datePublished":"2019-05-12T06:22:47+00:00","dateModified":"2021-01-24T18:26:31+00:00","mainEntityOfPage":{"@id":"https:\/\/holisticaformacion.com\/yoga-y-chakras-tendencias-arquetipicas-primer-chakra\/"},"wordCount":505,"publisher":{"@id":"https:\/\/holisticaformacion.com\/#organization"},"image":{"@id":"https:\/\/holisticaformacion.com\/yoga-y-chakras-tendencias-arquetipicas-primer-chakra\/#primaryimage"},"thumbnailUrl":"https:\/\/holisticaformacion.com\/wp-content\/uploads\/2020\/05\/chakras_ayuryoga_final.png","keywords":["ayurveda","ayuryoga","chakras","chakrasarquetipos","holisticyoga","holisticyogatherapy","tendenciasarquet\u00edpicas","yogaayurv\u00e9dico","yogakula","yogayayurveda","yogaychakras"],"articleSection":["AyurYoga","Yoga","Yogaterapeutico"],"inLanguage":"en-GB"},{"@type":"WebPage","@id":"https:\/\/holisticaformacion.com\/yoga-y-chakras-tendencias-arquetipicas-primer-chakra\/","url":"https:\/\/holisticaformacion.com\/yoga-y-chakras-tendencias-arquetipicas-primer-chakra\/","name":"YOGA Y CHAKRAS. TENDENCIAS ARQUET\u00cdPICAS. 1ER CHAKRA | Hol\u00edstica Formaci\u00f3n","isPartOf":{"@id":"https:\/\/holisticaformacion.com\/#website"},"primaryImageOfPage":{"@id":"https:\/\/holisticaformacion.com\/yoga-y-chakras-tendencias-arquetipicas-primer-chakra\/#primaryimage"},"image":{"@id":"https:\/\/holisticaformacion.com\/yoga-y-chakras-tendencias-arquetipicas-primer-chakra\/#primaryimage"},"thumbnailUrl":"https:\/\/holisticaformacion.com\/wp-content\/uploads\/2020\/05\/chakras_ayuryoga_final.png","datePublished":"2019-05-12T06:22:47+00:00","dateModified":"2021-01-24T18:26:31+00:00","description":"Yoga, Therapies and Healthy Living. In-person and online","breadcrumb":{"@id":"https:\/\/holisticaformacion.com\/yoga-y-chakras-tendencias-arquetipicas-primer-chakra\/#breadcrumb"},"inLanguage":"en-GB","potentialAction":[{"@type":"ReadAction","target":["https:\/\/holisticaformacion.com\/yoga-y-chakras-tendencias-arquetipicas-primer-chakra\/"]}]},{"@type":"ImageObject","inLanguage":"en-GB","@id":"https:\/\/holisticaformacion.com\/yoga-y-chakras-tendencias-arquetipicas-primer-chakra\/#primaryimage","url":"https:\/\/holisticaformacion.com\/wp-content\/uploads\/2020\/05\/chakras_ayuryoga_final.png","contentUrl":"https:\/\/holisticaformacion.com\/wp-content\/uploads\/2020\/05\/chakras_ayuryoga_final.png"},{"@type":"BreadcrumbList","@id":"https:\/\/holisticaformacion.com\/yoga-y-chakras-tendencias-arquetipicas-primer-chakra\/#breadcrumb","itemListElement":[{"@type":"ListItem","position":1,"name":"Portada","item":"https:\/\/holisticaformacion.com\/"},{"@type":"ListItem","position":2,"name":"YOGA Y CHAKRAS. TENDENCIAS ARQUET\u00cdPICAS. 1ER CHAKRA"}]},{"@type":"WebSite","@id":"https:\/\/holisticaformacion.com\/#website","url":"https:\/\/holisticaformacion.com\/","name":"www.holisticaformacion.com","description":"Hol\u00edstica Nature Online Campus","publisher":{"@id":"https:\/\/holisticaformacion.com\/#organization"},"potentialAction":[{"@type":"SearchAction","target":{"@type":"EntryPoint","urlTemplate":"https:\/\/holisticaformacion.com\/?s={search_term_string}"},"query-input":{"@type":"PropertyValueSpecification","valueRequired":true,"valueName":"search_term_string"}}],"inLanguage":"en-GB"},{"@type":"Organization","@id":"https:\/\/holisticaformacion.com\/#organization","name":"Holistic Training","alternateName":"Holistica Nature, Ecoturismo, Formaci\u00f3n y Bienestar S.L.","url":"https:\/\/holisticaformacion.com\/","logo":{"@type":"ImageObject","inLanguage":"en-GB","@id":"https:\/\/holisticaformacion.com\/#\/schema\/logo\/image\/","url":"https:\/\/holisticaformacion.com\/wp-content\/uploads\/2026\/02\/Nuevo-Logo-HF-cuadrado-blanco-1024x1024.png","contentUrl":"https:\/\/holisticaformacion.com\/wp-content\/uploads\/2026\/02\/Nuevo-Logo-HF-cuadrado-blanco-1024x1024.png","width":1024,"height":1024,"caption":"Hol\u00edstica Formaci\u00f3n"},"image":{"@id":"https:\/\/holisticaformacion.com\/#\/schema\/logo\/image\/"},"sameAs":["https:\/\/www.facebook.com\/holisticanature","https:\/\/www.instagram.com\/holisticanature\/"]},{"@type":"Person","@id":"https:\/\/holisticaformacion.com\/#\/schema\/person\/dd3ed0fd93ddd122d71b8a0aa6f4587b","name":"Helena Chac\u00f3n","image":{"@type":"ImageObject","inLanguage":"en-GB","@id":"https:\/\/holisticaformacion.com\/wp-content\/uploads\/avatars\/1\/6198beb295f3f-bpfull.png","url":"https:\/\/holisticaformacion.com\/wp-content\/uploads\/avatars\/1\/6198beb295f3f-bpfull.png","contentUrl":"https:\/\/holisticaformacion.com\/wp-content\/uploads\/avatars\/1\/6198beb295f3f-bpfull.png","caption":"Helena Chac\u00f3n"},"sameAs":["https:\/\/holisticaformacion.com","https:\/\/www.facebook.com\/holisticanature"],"url":"https:\/\/holisticaformacion.com\/en\/usuarios\/holistica\/"}]}},"_links":{"self":[{"href":"https:\/\/holisticaformacion.com\/en\/wp-json\/wp\/v2\/posts\/21988","targetHints":{"allow":["GET"]}}],"collection":[{"href":"https:\/\/holisticaformacion.com\/en\/wp-json\/wp\/v2\/posts"}],"about":[{"href":"https:\/\/holisticaformacion.com\/en\/wp-json\/wp\/v2\/types\/post"}],"author":[{"embeddable":true,"href":"https:\/\/holisticaformacion.com\/en\/wp-json\/wp\/v2\/users\/1"}],"replies":[{"embeddable":true,"href":"https:\/\/holisticaformacion.com\/en\/wp-json\/wp\/v2\/comments?post=21988"}],"version-history":[{"count":3,"href":"https:\/\/holisticaformacion.com\/en\/wp-json\/wp\/v2\/posts\/21988\/revisions"}],"predecessor-version":[{"id":31293,"href":"https:\/\/holisticaformacion.com\/en\/wp-json\/wp\/v2\/posts\/21988\/revisions\/31293"}],"wp:attachment":[{"href":"https:\/\/holisticaformacion.com\/en\/wp-json\/wp\/v2\/media?parent=21988"}],"wp:term":[{"taxonomy":"category","embeddable":true,"href":"https:\/\/holisticaformacion.com\/en\/wp-json\/wp\/v2\/categories?post=21988"},{"taxonomy":"post_tag","embeddable":true,"href":"https:\/\/holisticaformacion.com\/en\/wp-json\/wp\/v2\/tags?post=21988"}],"curies":[{"name":"wp","href":"https:\/\/api.w.org\/{rel}","templated":true}]}}