{"id":22014,"date":"2019-11-27T09:05:51","date_gmt":"2019-11-27T07:05:51","guid":{"rendered":"https:\/\/holisticaformacion.com\/?p=22014"},"modified":"2021-01-24T20:23:29","modified_gmt":"2021-01-24T18:23:29","slug":"beneficia-tus-fascias-mas-alla-de-la-esterilla","status":"publish","type":"post","link":"https:\/\/holisticaformacion.com\/en\/beneficia-tus-fascias-mas-alla-de-la-esterilla\/","title":{"rendered":"BENEFIT YOUR FASCIAS BEYOND THE YOGA MAT"},"content":{"rendered":"<p style=\"text-align: center;\"><img loading=\"lazy\" decoding=\"async\" class=\"aligncenter size-full wp-image-22015\" src=\"https:\/\/holisticaformacion.com\/wp-content\/uploads\/2020\/05\/HA\u0301BITOS-DE-VIDA.jpg\" alt=\"\" width=\"1664\" height=\"1410\" srcset=\"https:\/\/holisticaformacion.com\/wp-content\/uploads\/2020\/05\/HA\u0301BITOS-DE-VIDA.jpg 1664w, https:\/\/holisticaformacion.com\/wp-content\/uploads\/2020\/05\/HA\u0301BITOS-DE-VIDA-400x339.jpg 400w, https:\/\/holisticaformacion.com\/wp-content\/uploads\/2020\/05\/HA\u0301BITOS-DE-VIDA-300x254.jpg 300w, https:\/\/holisticaformacion.com\/wp-content\/uploads\/2020\/05\/HA\u0301BITOS-DE-VIDA-1024x868.jpg 1024w, https:\/\/holisticaformacion.com\/wp-content\/uploads\/2020\/05\/HA\u0301BITOS-DE-VIDA-768x651.jpg 768w, https:\/\/holisticaformacion.com\/wp-content\/uploads\/2020\/05\/HA\u0301BITOS-DE-VIDA-1536x1302.jpg 1536w, https:\/\/holisticaformacion.com\/wp-content\/uploads\/2020\/05\/HA\u0301BITOS-DE-VIDA-600x508.jpg 600w\" sizes=\"auto, (max-width: 1664px) 100vw, 1664px\" \/><\/p>\n<p style=\"text-align: left;\"><span id=\"fbPhotoSnowliftCaption\" class=\"fbPhotosPhotoCaption\" tabindex=\"0\" aria-live=\"polite\" data-ft=\"{&quot;tn&quot;:&quot;K&quot;}\"><span class=\"hasCaption\"><br \/>\n<span class=\"_5mfr\"><span class=\"_6qdm\">\ud83d\ude4b\u200d\u2640\ufe0f<\/span><\/span> <span class=\"_5mfr\"><span class=\"_6qdm\">\ud83d\udc40<\/span><\/span>\u00a0 Hoy en d\u00eda tenemos m\u00e1s conciencia sobre nuestro tejido miofascial y c\u00f3mo mejorar su calidad con diversos ejercicios, utensilios (como pelotas) y masajes especializados. <span class=\"_5mfr\"><span class=\"_6qdm\">\ud83e\uddd0<\/span><\/span> Pero&#8230;\u00bfsabes qu\u00e9 h\u00e1bitos de vida adoptar para beneficiar este tejido tan importante?<br \/>\n<span class=\"_5mfr\"><span class=\"_6qdm\">\ud83d\ude4f<\/span><\/span> En muchas ocasiones se nos olvida que Yoga va m\u00e1s all\u00e1 de la esterilla. Debemos llevar<span class=\"text_exposed_show\"> conciencia a cada acto cotidiano y aprender el arte de \u201cautocuidarnos\u201d y desarrollar v\u00edas de autosanaci\u00f3n. Es decir, debemos llevar \u201cAhimsa\u201d a su m\u00e1xima expresi\u00f3n. APRENDE EL ARTE DE CUIDARTE <span class=\"_5mfr\"><span class=\"_6qdm\">\ud83c\udf81<\/span><\/span> con los siguientes TIPS de nuestra Formaci\u00f3n:<br \/>\n<span class=\"_5mfr\"><span class=\"_6qdm\">\ud83d\udd39<\/span><\/span> HIDR\u00c1TATE Y OBT\u00c9N H\u00c1BITOS ALIMENTICIOS SALUDABLES. Utiliza alimentos y tipos de cocinado acordes a tu persona, estaci\u00f3n, lugar donde vives, etc. N\u00fatrete en un ambiente calmado que te permita dedicar tiempo y atenci\u00f3n a c\u00f3mo masticas y pones conciencia en cada bocado.<br \/>\n<span class=\"_5mfr\"><span class=\"_6qdm\">\ud83d\udd39<\/span><\/span> M\u00daEVETE INTUITIVAMENTE. Desper\u00e9zate cada ma\u00f1ana, bosteza, est\u00edrate, etc. Observa los animales en libertad, c\u00f3mo mueven su cuerpo para que sus fascias est\u00e9n el\u00e1sticas y fuertes. Ahora obs\u00e9rvate a ti mism@, los h\u00e1bitos posturales que adoptas durante el d\u00eda. En la cola del banco, conduciendo, en el sof\u00e1, etc. Trata de reajustarte y hacer micromovimientos que mejoren tu conciencia corporal. Despliega tu potencial intuitivo que yace en cada c\u00e9lula de tu cuerpo.<br \/>\n<span class=\"_5mfr\"><span class=\"_6qdm\">\ud83d\udd39<\/span><\/span> RESPIRACI\u00d3N CONSCIENTE. Trata de establecer un patr\u00f3n respiratorio consciente por la nariz y con un movimiento diafragm\u00e1tico.<br \/>\n<span class=\"_5mfr\"><span class=\"_6qdm\">\ud83d\udd39<\/span><\/span> REL\u00c1JATE. Disp\u00f3n de tiempo para ti, escucha m\u00fasica inspiradora, pasea por la naturaleza ya sea con amigos o con una intenci\u00f3n de meditaci\u00f3n y conexi\u00f3n con el bosque (Shinrin Yoku), ve a la playa, practica jardiner\u00eda, date un ba\u00f1o de sales con aromaterapia, etc.<br \/>\n<span class=\"_5mfr\"><span class=\"_6qdm\">\ud83d\udd39<\/span><\/span> SUE\u00d1O. No olvides la importancia del descanso y el sue\u00f1o reparador. Es tu momento de eliminar toxinas as\u00ed que resp\u00e9talo e inicia un protocolo de sue\u00f1o si te cuesta descansar plenamente.<br \/>\n<span class=\"_5mfr\"><span class=\"_6qdm\">\ud83d\udd39<\/span><\/span> MASAJE. Automasajea tu cuerpo cada d\u00eda con amasamientos y fricciones manuales o bien con implementos que permita desarrollar propiocepci\u00f3n, eliminar dolores y prepararlo ya sea para el descanso o para comenzar el d\u00eda. O si no, acude a un profesional del masaje. Los masajes con bamb\u00fa, ventosas o Gua Sha son especialmente indicados para mejorar el tejido fascial.<br \/>\n<span class=\"_5mfr\"><span class=\"_6qdm\">\ud83d\udd39<\/span><\/span> MUEVE TU CUERPO. No dejes que la vida sedentaria se apodere de ti. Aprende a realizar actividades f\u00edsicas acorde a tu constituci\u00f3n. Ya sea pr\u00e1ctica de Yoga o alguna actividad deportiva, cambia de entrenamiento de vez en cuando, realiza ejercicios que desarrollen tanto tono como elasticidad y adapta el entrenamiento a tus capacidades.<br \/>\n<span class=\"_5mfr\"><span class=\"_6qdm\">\ud83d\udd39<\/span><\/span> INTEROCEPCI\u00d3N. Y por \u00faltimo, s\u00e9 consciente de tu propio proceso personal. Observa c\u00f3mo las emociones y pensamientos influyen en tus fascias, es decir, c\u00f3mo tu cuerpo somatiza tus vivencias y experiencias. Con el tiempo podr\u00e1s reconocer sensaciones muy sutiles que te permitir\u00e1n conocerte mejor y actuar de inmediato para frenar el proceso de generaci\u00f3n de un tejido fascial r\u00edgido y limitante y convertirlo en uno fuerte y el\u00e1stico. Gracias a tu autoconocimiento tanto f\u00edsico como mental puedes mejorar tu salud a muchos niveles.<\/p>\n<p><span class=\"_5mfr\"><span class=\"_6qdm\">\ud83d\ude4f<\/span><\/span> MODIFICA TU FASCIA Y CAMBIAR\u00c1S TU MENTE<\/p>\n<p><span class=\"_5mfr\"><span class=\"_6qdm\">\u270d\ufe0f<\/span><\/span> Este texto es extra\u00eddo de la <a href=\"https:\/\/holisticaformacion.com\/en\/courses\/100-hour-myofascial-yoga-training-course\/\">Myofascial Yoga\u00ae Training<\/a>. Por favor, si te gust\u00f3 comp\u00e1rtelo indicando la fuente y as\u00ed nos ayudas <span class=\"_5mfr\"><span class=\"_6qdm\">\ud83d\ude04<\/span><\/span><br \/>\n<a href=\"https:\/\/l.facebook.com\/l.php?u=http%3A%2F%2Fyogamiofascial.com%2F%3Ffbclid%3DIwAR3J8ywnatmRujUnm7otJ-R9V1UBudZwjyb6F5R8dxLz1HqNuJ3aRpuM7WE&amp;h=AT2pmnTiyCXmlmo8MEN8vAdQ7_FsCjGIdaL46VjnTBxpeFLcLTvykmp8r_f3pYSzO_mKg61ZFP3iLUilyLNAozh60IJ_ObnlgUA4b4QM2prPe2Q6xyeI9fJ3U1-un5qxuyOgRrXzTfEW\" target=\"_blank\" rel=\"nofollow noopener noreferrer\" data-lynx-mode=\"asynclazy\">yogamiofascial.com<\/a><br \/>\n<a href=\"https:\/\/l.facebook.com\/l.php?u=http%3A%2F%2Fholisticyogatherapy.org%2F%3Ffbclid%3DIwAR3AFayobO986tUA5VKn5MjE3UGMK4X4W4BRS9kDOyG0h5ljITAS_CZmlV8&amp;h=AT2PlQHKrq00dzHoGwDS6CXmHYWRbVXS2jOs7iChTiOrCPZmWKZxNDnuGVB08OKKdjVsa0clz27OAei0SMNW1qK8Lv9U6v_sGd3eZVAFrOrYN9d6u50zg8Aylq27EfYopVZGmI5uMzgZ\" target=\"_blank\" rel=\"nofollow noopener noreferrer\" data-lynx-mode=\"asynclazy\">holisticyogatherapy.org<\/a><br \/>\nwww.yogakula.es<br \/>\n<a href=\"https:\/\/l.facebook.com\/l.php?u=http%3A%2F%2Fhelenachacon.com%2F%3Ffbclid%3DIwAR3X2gXdMmpsVVD_mHE_hZFqVMBWNTcdf_-4iofGExjAchTnz9LAJqXKoLE&amp;h=AT1Q6XTpS2XrgamiaQ9wXo9di8Pi86sTDYyD9fqIhs4niQelygl_mfMEvprxtuyeJ0Uj_JfMT_G6kMJSioByVKGoFCQfFjx45UvbbnFbes7N4vJrl9sUYRQ11xEurkZf_3ebSnqFWZv5\" target=\"_blank\" rel=\"nofollow noopener noreferrer\" data-lynx-mode=\"asynclazy\">helenachacon.com<\/a><\/span><\/span><\/span><\/p>","protected":false},"excerpt":{"rendered":"<p>\ud83d\ude4b\u200d\u2640\ufe0f \ud83d\udc40  These days, we\u2019re more aware of our myofascial tissue and how to improve its condition through various exercises, equipment (such as balls) and specialised massages. \ud83e\uddd0 But\u2026 do you know which lifestyle habits to adopt to benefit this vital tissue? \ud83d\ude4f We often forget that yoga goes beyond\u2026 <\/p>","protected":false},"author":1,"featured_media":0,"comment_status":"closed","ping_status":"closed","sticky":false,"template":"","format":"standard","meta":{"_bbp_topic_count":0,"_bbp_reply_count":0,"_bbp_total_topic_count":0,"_bbp_total_reply_count":0,"_bbp_voice_count":0,"_bbp_anonymous_reply_count":0,"_bbp_topic_count_hidden":0,"_bbp_reply_count_hidden":0,"_bbp_forum_subforum_count":0,"rs_blank_template":"","rs_page_bg_color":"","slide_template_v7":"","footnotes":""},"categories":[76,164],"tags":[163,168,196,172,263,162,169,155,166,165,160,178,213,156,177,167],"class_list":["post-22014","post","type-post","status-publish","format-standard","hentry","category-yoga","category-yoga-miofascial","tag-fascia","tag-fascial","tag-fascias","tag-fasciasyyoga","tag-habitosdevida","tag-holisticyogatherapy","tag-miofascial","tag-yoga","tag-yogafascial","tag-yogafascias","tag-yogamiofascial","tag-yogaonline","tag-yogasalud","tag-yogaterapeutico","tag-yogaterapia","tag-yogayfascias"],"yoast_head":"<!-- This site is optimized with the Yoast SEO plugin v28.0 - https:\/\/yoast.com\/product\/yoast-seo-wordpress\/ -->\n<title>BENEFICIA TUS FASCIAS M\u00c1S ALL\u00c1 DE LA ESTERILLA | Hol\u00edstica Formaci\u00f3n<\/title>\n<meta name=\"description\" content=\"Yoga, Terapias y Vida Saludable. Presencial y Online\" \/>\n<meta name=\"robots\" content=\"index, follow, max-snippet:-1, max-image-preview:large, max-video-preview:-1\" \/>\n<link rel=\"canonical\" href=\"https:\/\/holisticaformacion.com\/en\/beneficia-tus-fascias-mas-alla-de-la-esterilla\/\" \/>\n<meta property=\"og:locale\" content=\"en_GB\" \/>\n<meta property=\"og:type\" content=\"article\" \/>\n<meta property=\"og:title\" content=\"BENEFICIA TUS FASCIAS M\u00c1S ALL\u00c1 DE LA ESTERILLA | Hol\u00edstica Formaci\u00f3n\" \/>\n<meta property=\"og:description\" content=\"Yoga, Terapias y Vida Saludable. Presencial y Online\" \/>\n<meta property=\"og:url\" content=\"https:\/\/holisticaformacion.com\/en\/beneficia-tus-fascias-mas-alla-de-la-esterilla\/\" \/>\n<meta property=\"og:site_name\" content=\"Hol\u00edstica Formaci\u00f3n\" \/>\n<meta property=\"article:publisher\" content=\"https:\/\/www.facebook.com\/holisticanature\" \/>\n<meta property=\"article:author\" content=\"https:\/\/www.facebook.com\/holisticanature\" \/>\n<meta property=\"article:published_time\" content=\"2019-11-27T07:05:51+00:00\" \/>\n<meta property=\"article:modified_time\" content=\"2021-01-24T18:23:29+00:00\" \/>\n<meta property=\"og:image\" content=\"https:\/\/holisticaformacion.com\/wp-content\/uploads\/2026\/06\/HN-endoso2-trans-scaled.png\" \/>\n\t<meta property=\"og:image:width\" content=\"2560\" \/>\n\t<meta property=\"og:image:height\" content=\"2560\" \/>\n\t<meta property=\"og:image:type\" content=\"image\/png\" \/>\n<meta name=\"author\" content=\"Helena Chac\u00f3n\" \/>\n<meta name=\"twitter:card\" content=\"summary_large_image\" \/>\n<meta name=\"twitter:label1\" content=\"Written by\" \/>\n\t<meta name=\"twitter:data1\" content=\"Helena Chac\u00f3n\" \/>\n\t<meta name=\"twitter:label2\" content=\"Estimated reading time\" \/>\n\t<meta name=\"twitter:data2\" content=\"3 minutes\" \/>\n<script type=\"application\/ld+json\" class=\"yoast-schema-graph\">{\"@context\":\"https:\\\/\\\/schema.org\",\"@graph\":[{\"@type\":\"Article\",\"@id\":\"https:\\\/\\\/holisticaformacion.com\\\/beneficia-tus-fascias-mas-alla-de-la-esterilla\\\/#article\",\"isPartOf\":{\"@id\":\"https:\\\/\\\/holisticaformacion.com\\\/beneficia-tus-fascias-mas-alla-de-la-esterilla\\\/\"},\"author\":{\"name\":\"Helena Chac\u00f3n\",\"@id\":\"https:\\\/\\\/holisticaformacion.com\\\/#\\\/schema\\\/person\\\/dd3ed0fd93ddd122d71b8a0aa6f4587b\"},\"headline\":\"BENEFICIA TUS FASCIAS M\u00c1S ALL\u00c1 DE LA ESTERILLA\",\"datePublished\":\"2019-11-27T07:05:51+00:00\",\"dateModified\":\"2021-01-24T18:23:29+00:00\",\"mainEntityOfPage\":{\"@id\":\"https:\\\/\\\/holisticaformacion.com\\\/beneficia-tus-fascias-mas-alla-de-la-esterilla\\\/\"},\"wordCount\":599,\"publisher\":{\"@id\":\"https:\\\/\\\/holisticaformacion.com\\\/#organization\"},\"keywords\":[\"fascia\",\"fascial\",\"fascias\",\"fasciasyyoga\",\"h\u00e1bitosdevida\",\"holisticyogatherapy\",\"miofascial\",\"yoga\",\"yogafascial\",\"yogafascias\",\"yogamiofascial\",\"yogaonline\",\"yogasalud\",\"yogaterapeutico\",\"yogaterapia\",\"yogayfascias\"],\"articleSection\":[\"Yoga\",\"Yoga Miofascial\"],\"inLanguage\":\"en-GB\"},{\"@type\":\"WebPage\",\"@id\":\"https:\\\/\\\/holisticaformacion.com\\\/beneficia-tus-fascias-mas-alla-de-la-esterilla\\\/\",\"url\":\"https:\\\/\\\/holisticaformacion.com\\\/beneficia-tus-fascias-mas-alla-de-la-esterilla\\\/\",\"name\":\"BENEFICIA TUS FASCIAS M\u00c1S ALL\u00c1 DE LA ESTERILLA | Hol\u00edstica Formaci\u00f3n\",\"isPartOf\":{\"@id\":\"https:\\\/\\\/holisticaformacion.com\\\/#website\"},\"datePublished\":\"2019-11-27T07:05:51+00:00\",\"dateModified\":\"2021-01-24T18:23:29+00:00\",\"description\":\"Yoga, Terapias y Vida Saludable. Presencial y Online\",\"breadcrumb\":{\"@id\":\"https:\\\/\\\/holisticaformacion.com\\\/beneficia-tus-fascias-mas-alla-de-la-esterilla\\\/#breadcrumb\"},\"inLanguage\":\"en-GB\",\"potentialAction\":[{\"@type\":\"ReadAction\",\"target\":[\"https:\\\/\\\/holisticaformacion.com\\\/beneficia-tus-fascias-mas-alla-de-la-esterilla\\\/\"]}]},{\"@type\":\"BreadcrumbList\",\"@id\":\"https:\\\/\\\/holisticaformacion.com\\\/beneficia-tus-fascias-mas-alla-de-la-esterilla\\\/#breadcrumb\",\"itemListElement\":[{\"@type\":\"ListItem\",\"position\":1,\"name\":\"Portada\",\"item\":\"https:\\\/\\\/holisticaformacion.com\\\/\"},{\"@type\":\"ListItem\",\"position\":2,\"name\":\"BENEFICIA TUS FASCIAS M\u00c1S ALL\u00c1 DE LA ESTERILLA\"}]},{\"@type\":\"WebSite\",\"@id\":\"https:\\\/\\\/holisticaformacion.com\\\/#website\",\"url\":\"https:\\\/\\\/holisticaformacion.com\\\/\",\"name\":\"www.holisticaformacion.com\",\"description\":\"Campus Online de Hol\u00edstica Nature\",\"publisher\":{\"@id\":\"https:\\\/\\\/holisticaformacion.com\\\/#organization\"},\"potentialAction\":[{\"@type\":\"SearchAction\",\"target\":{\"@type\":\"EntryPoint\",\"urlTemplate\":\"https:\\\/\\\/holisticaformacion.com\\\/?s={search_term_string}\"},\"query-input\":{\"@type\":\"PropertyValueSpecification\",\"valueRequired\":true,\"valueName\":\"search_term_string\"}}],\"inLanguage\":\"en-GB\"},{\"@type\":\"Organization\",\"@id\":\"https:\\\/\\\/holisticaformacion.com\\\/#organization\",\"name\":\"Hol\u00edstica Formaci\u00f3n\",\"alternateName\":\"Holistica Nature, Ecoturismo, Formaci\u00f3n y Bienestar S.L.\",\"url\":\"https:\\\/\\\/holisticaformacion.com\\\/\",\"logo\":{\"@type\":\"ImageObject\",\"inLanguage\":\"en-GB\",\"@id\":\"https:\\\/\\\/holisticaformacion.com\\\/#\\\/schema\\\/logo\\\/image\\\/\",\"url\":\"https:\\\/\\\/holisticaformacion.com\\\/wp-content\\\/uploads\\\/2026\\\/02\\\/Nuevo-Logo-HF-cuadrado-blanco-1024x1024.png\",\"contentUrl\":\"https:\\\/\\\/holisticaformacion.com\\\/wp-content\\\/uploads\\\/2026\\\/02\\\/Nuevo-Logo-HF-cuadrado-blanco-1024x1024.png\",\"width\":1024,\"height\":1024,\"caption\":\"Hol\u00edstica Formaci\u00f3n\"},\"image\":{\"@id\":\"https:\\\/\\\/holisticaformacion.com\\\/#\\\/schema\\\/logo\\\/image\\\/\"},\"sameAs\":[\"https:\\\/\\\/www.facebook.com\\\/holisticanature\",\"https:\\\/\\\/www.instagram.com\\\/holisticanature\\\/\"]},{\"@type\":\"Person\",\"@id\":\"https:\\\/\\\/holisticaformacion.com\\\/#\\\/schema\\\/person\\\/dd3ed0fd93ddd122d71b8a0aa6f4587b\",\"name\":\"Helena Chac\u00f3n\",\"image\":{\"@type\":\"ImageObject\",\"inLanguage\":\"en-GB\",\"@id\":\"https:\\\/\\\/holisticaformacion.com\\\/wp-content\\\/uploads\\\/avatars\\\/1\\\/6198beb295f3f-bpfull.png\",\"url\":\"https:\\\/\\\/holisticaformacion.com\\\/wp-content\\\/uploads\\\/avatars\\\/1\\\/6198beb295f3f-bpfull.png\",\"contentUrl\":\"https:\\\/\\\/holisticaformacion.com\\\/wp-content\\\/uploads\\\/avatars\\\/1\\\/6198beb295f3f-bpfull.png\",\"caption\":\"Helena Chac\u00f3n\"},\"sameAs\":[\"https:\\\/\\\/holisticaformacion.com\",\"https:\\\/\\\/www.facebook.com\\\/holisticanature\"],\"url\":\"https:\\\/\\\/holisticaformacion.com\\\/en\\\/usuarios\\\/holistica\\\/\"}]}<\/script>\n<!-- \/ Yoast SEO plugin. -->","yoast_head_json":{"title":"BENEFICIA TUS FASCIAS M\u00c1S ALL\u00c1 DE LA ESTERILLA | Hol\u00edstica Formaci\u00f3n","description":"Yoga, Therapies and Healthy Living. In-person and online","robots":{"index":"index","follow":"follow","max-snippet":"max-snippet:-1","max-image-preview":"max-image-preview:large","max-video-preview":"max-video-preview:-1"},"canonical":"https:\/\/holisticaformacion.com\/en\/beneficia-tus-fascias-mas-alla-de-la-esterilla\/","og_locale":"en_GB","og_type":"article","og_title":"BENEFICIA TUS FASCIAS M\u00c1S ALL\u00c1 DE LA ESTERILLA | Hol\u00edstica Formaci\u00f3n","og_description":"Yoga, Terapias y Vida Saludable. Presencial y Online","og_url":"https:\/\/holisticaformacion.com\/en\/beneficia-tus-fascias-mas-alla-de-la-esterilla\/","og_site_name":"Hol\u00edstica Formaci\u00f3n","article_publisher":"https:\/\/www.facebook.com\/holisticanature","article_author":"https:\/\/www.facebook.com\/holisticanature","article_published_time":"2019-11-27T07:05:51+00:00","article_modified_time":"2021-01-24T18:23:29+00:00","og_image":[{"width":2560,"height":2560,"url":"https:\/\/holisticaformacion.com\/wp-content\/uploads\/2026\/06\/HN-endoso2-trans-scaled.png","type":"image\/png"}],"author":"Helena Chac\u00f3n","twitter_card":"summary_large_image","twitter_misc":{"Written by":"Helena Chac\u00f3n","Estimated reading time":"3 minutes"},"schema":{"@context":"https:\/\/schema.org","@graph":[{"@type":"Article","@id":"https:\/\/holisticaformacion.com\/beneficia-tus-fascias-mas-alla-de-la-esterilla\/#article","isPartOf":{"@id":"https:\/\/holisticaformacion.com\/beneficia-tus-fascias-mas-alla-de-la-esterilla\/"},"author":{"name":"Helena Chac\u00f3n","@id":"https:\/\/holisticaformacion.com\/#\/schema\/person\/dd3ed0fd93ddd122d71b8a0aa6f4587b"},"headline":"BENEFICIA TUS FASCIAS M\u00c1S ALL\u00c1 DE LA ESTERILLA","datePublished":"2019-11-27T07:05:51+00:00","dateModified":"2021-01-24T18:23:29+00:00","mainEntityOfPage":{"@id":"https:\/\/holisticaformacion.com\/beneficia-tus-fascias-mas-alla-de-la-esterilla\/"},"wordCount":599,"publisher":{"@id":"https:\/\/holisticaformacion.com\/#organization"},"keywords":["fascia","fascial","fascias","fasciasyyoga","h\u00e1bitosdevida","holisticyogatherapy","miofascial","yoga","yogafascial","yogafascias","yogamiofascial","yogaonline","yogasalud","yogaterapeutico","yogaterapia","yogayfascias"],"articleSection":["Yoga","Yoga Miofascial"],"inLanguage":"en-GB"},{"@type":"WebPage","@id":"https:\/\/holisticaformacion.com\/beneficia-tus-fascias-mas-alla-de-la-esterilla\/","url":"https:\/\/holisticaformacion.com\/beneficia-tus-fascias-mas-alla-de-la-esterilla\/","name":"BENEFICIA TUS FASCIAS M\u00c1S ALL\u00c1 DE LA ESTERILLA | Hol\u00edstica Formaci\u00f3n","isPartOf":{"@id":"https:\/\/holisticaformacion.com\/#website"},"datePublished":"2019-11-27T07:05:51+00:00","dateModified":"2021-01-24T18:23:29+00:00","description":"Yoga, Therapies and Healthy Living. In-person and online","breadcrumb":{"@id":"https:\/\/holisticaformacion.com\/beneficia-tus-fascias-mas-alla-de-la-esterilla\/#breadcrumb"},"inLanguage":"en-GB","potentialAction":[{"@type":"ReadAction","target":["https:\/\/holisticaformacion.com\/beneficia-tus-fascias-mas-alla-de-la-esterilla\/"]}]},{"@type":"BreadcrumbList","@id":"https:\/\/holisticaformacion.com\/beneficia-tus-fascias-mas-alla-de-la-esterilla\/#breadcrumb","itemListElement":[{"@type":"ListItem","position":1,"name":"Portada","item":"https:\/\/holisticaformacion.com\/"},{"@type":"ListItem","position":2,"name":"BENEFICIA TUS FASCIAS M\u00c1S ALL\u00c1 DE LA ESTERILLA"}]},{"@type":"WebSite","@id":"https:\/\/holisticaformacion.com\/#website","url":"https:\/\/holisticaformacion.com\/","name":"www.holisticaformacion.com","description":"Hol\u00edstica Nature Online Campus","publisher":{"@id":"https:\/\/holisticaformacion.com\/#organization"},"potentialAction":[{"@type":"SearchAction","target":{"@type":"EntryPoint","urlTemplate":"https:\/\/holisticaformacion.com\/?s={search_term_string}"},"query-input":{"@type":"PropertyValueSpecification","valueRequired":true,"valueName":"search_term_string"}}],"inLanguage":"en-GB"},{"@type":"Organization","@id":"https:\/\/holisticaformacion.com\/#organization","name":"Holistic Training","alternateName":"Holistica Nature, Ecoturismo, Formaci\u00f3n y Bienestar S.L.","url":"https:\/\/holisticaformacion.com\/","logo":{"@type":"ImageObject","inLanguage":"en-GB","@id":"https:\/\/holisticaformacion.com\/#\/schema\/logo\/image\/","url":"https:\/\/holisticaformacion.com\/wp-content\/uploads\/2026\/02\/Nuevo-Logo-HF-cuadrado-blanco-1024x1024.png","contentUrl":"https:\/\/holisticaformacion.com\/wp-content\/uploads\/2026\/02\/Nuevo-Logo-HF-cuadrado-blanco-1024x1024.png","width":1024,"height":1024,"caption":"Hol\u00edstica Formaci\u00f3n"},"image":{"@id":"https:\/\/holisticaformacion.com\/#\/schema\/logo\/image\/"},"sameAs":["https:\/\/www.facebook.com\/holisticanature","https:\/\/www.instagram.com\/holisticanature\/"]},{"@type":"Person","@id":"https:\/\/holisticaformacion.com\/#\/schema\/person\/dd3ed0fd93ddd122d71b8a0aa6f4587b","name":"Helena Chac\u00f3n","image":{"@type":"ImageObject","inLanguage":"en-GB","@id":"https:\/\/holisticaformacion.com\/wp-content\/uploads\/avatars\/1\/6198beb295f3f-bpfull.png","url":"https:\/\/holisticaformacion.com\/wp-content\/uploads\/avatars\/1\/6198beb295f3f-bpfull.png","contentUrl":"https:\/\/holisticaformacion.com\/wp-content\/uploads\/avatars\/1\/6198beb295f3f-bpfull.png","caption":"Helena Chac\u00f3n"},"sameAs":["https:\/\/holisticaformacion.com","https:\/\/www.facebook.com\/holisticanature"],"url":"https:\/\/holisticaformacion.com\/en\/usuarios\/holistica\/"}]}},"_links":{"self":[{"href":"https:\/\/holisticaformacion.com\/en\/wp-json\/wp\/v2\/posts\/22014","targetHints":{"allow":["GET"]}}],"collection":[{"href":"https:\/\/holisticaformacion.com\/en\/wp-json\/wp\/v2\/posts"}],"about":[{"href":"https:\/\/holisticaformacion.com\/en\/wp-json\/wp\/v2\/types\/post"}],"author":[{"embeddable":true,"href":"https:\/\/holisticaformacion.com\/en\/wp-json\/wp\/v2\/users\/1"}],"replies":[{"embeddable":true,"href":"https:\/\/holisticaformacion.com\/en\/wp-json\/wp\/v2\/comments?post=22014"}],"version-history":[{"count":3,"href":"https:\/\/holisticaformacion.com\/en\/wp-json\/wp\/v2\/posts\/22014\/revisions"}],"predecessor-version":[{"id":31285,"href":"https:\/\/holisticaformacion.com\/en\/wp-json\/wp\/v2\/posts\/22014\/revisions\/31285"}],"wp:attachment":[{"href":"https:\/\/holisticaformacion.com\/en\/wp-json\/wp\/v2\/media?parent=22014"}],"wp:term":[{"taxonomy":"category","embeddable":true,"href":"https:\/\/holisticaformacion.com\/en\/wp-json\/wp\/v2\/categories?post=22014"},{"taxonomy":"post_tag","embeddable":true,"href":"https:\/\/holisticaformacion.com\/en\/wp-json\/wp\/v2\/tags?post=22014"}],"curies":[{"name":"wp","href":"https:\/\/api.w.org\/{rel}","templated":true}]}}