{"id":31719,"date":"2020-03-09T20:13:27","date_gmt":"2020-03-09T18:13:27","guid":{"rendered":"https:\/\/holisticaformacion.com\/?p=31719"},"modified":"2021-01-26T20:14:44","modified_gmt":"2021-01-26T18:14:44","slug":"superluna-9-de-marzo-2020-en-virgo","status":"publish","type":"post","link":"https:\/\/holisticaformacion.com\/en\/superluna-9-de-marzo-2020-en-virgo\/","title":{"rendered":"SUPERMOON 9 MARCH 2020 (IN VIRGO)"},"content":{"rendered":"<p><img loading=\"lazy\" decoding=\"async\" class=\"aligncenter  wp-image-31720\" src=\"https:\/\/holisticaformacion.com\/wp-content\/uploads\/2021\/01\/superluna-en-virgo.jpg\" alt=\"\" width=\"729\" height=\"486\" srcset=\"https:\/\/holisticaformacion.com\/wp-content\/uploads\/2021\/01\/superluna-en-virgo.jpg 2048w, https:\/\/holisticaformacion.com\/wp-content\/uploads\/2021\/01\/superluna-en-virgo-400x267.jpg 400w, https:\/\/holisticaformacion.com\/wp-content\/uploads\/2021\/01\/superluna-en-virgo-300x200.jpg 300w, https:\/\/holisticaformacion.com\/wp-content\/uploads\/2021\/01\/superluna-en-virgo-1024x683.jpg 1024w, https:\/\/holisticaformacion.com\/wp-content\/uploads\/2021\/01\/superluna-en-virgo-768x512.jpg 768w, https:\/\/holisticaformacion.com\/wp-content\/uploads\/2021\/01\/superluna-en-virgo-1536x1024.jpg 1536w, https:\/\/holisticaformacion.com\/wp-content\/uploads\/2021\/01\/superluna-en-virgo-600x400.jpg 600w\" sizes=\"auto, (max-width: 729px) 100vw, 729px\" \/><\/p>\n<p><span class=\"d2edcug0 hpfvmrgz qv66sw1b c1et5uql oi732d6d ik7dh3pa fgxwclzu a8c37x1j keod5gw0 nxhoafnm aigsh9s9 d3f4x2em fe6kdd0r mau55g9w c8b282yb iv3no6db jq4qci2q a3bd9o3v knj5qynh oo9gr5id\" dir=\"auto\"><span class=\"pq6dq46d tbxw36s4 knj5qynh kvgmc6g5 ditlmg2l oygrvhab nvdbi5me sf5mxxl7 gl3lb2sf hhz5lgdu\"><img loading=\"lazy\" decoding=\"async\" src=\"https:\/\/static.xx.fbcdn.net\/images\/emoji.php\/v9\/t98\/2\/16\/1f48e.png\" alt=\"\ud83d\udc8e\" width=\"16\" height=\"16\" \/><\/span> <strong>SUPERMOON 9 MARCH<\/strong> <span class=\"pq6dq46d tbxw36s4 knj5qynh kvgmc6g5 ditlmg2l oygrvhab nvdbi5me sf5mxxl7 gl3lb2sf hhz5lgdu\"><img loading=\"lazy\" decoding=\"async\" src=\"https:\/\/static.xx.fbcdn.net\/images\/emoji.php\/v9\/t7d\/2\/16\/1f31d.png\" alt=\"\ud83c\udf1d\" width=\"16\" height=\"16\" \/><\/span><br \/>\n<span class=\"pq6dq46d tbxw36s4 knj5qynh kvgmc6g5 ditlmg2l oygrvhab nvdbi5me sf5mxxl7 gl3lb2sf hhz5lgdu\"><img loading=\"lazy\" decoding=\"async\" src=\"https:\/\/static.xx.fbcdn.net\/images\/emoji.php\/v9\/tf0\/2\/16\/1f449.png\" alt=\"\ud83d\udc49\" width=\"16\" height=\"16\" \/><\/span> El t\u00e9rmino &#8220;SUPERLUNA&#8221; fue acu\u00f1ado en 1979 por Richard Nolle para designar a aquellas lunas llenas (o nuevas) que est\u00e1n m\u00e1s cerca de lo normal a la Tierra (debido a que la \u00f3rbita de la luna es el\u00edptica no circular) y por ello se ven m\u00e1s grandes.<br \/>\n<span class=\"pq6dq46d tbxw36s4 knj5qynh kvgmc6g5 ditlmg2l oygrvhab nvdbi5me sf5mxxl7 gl3lb2sf hhz5lgdu\"><img loading=\"lazy\" decoding=\"async\" src=\"https:\/\/static.xx.fbcdn.net\/images\/emoji.php\/v9\/t8c\/2\/16\/1f4ab.png\" alt=\"\ud83d\udcab\" width=\"16\" height=\"16\" \/><\/span> \u00c9ste mes la Luna Llena est\u00e1 en Virgo, signo astrol\u00f3gico del planeta Mercurio que rige nuestra comunicaci\u00f3n y el intelecto (ideas, trabajo, etc.).<br \/>\n<span class=\"pq6dq46d tbxw36s4 knj5qynh kvgmc6g5 ditlmg2l oygrvhab nvdbi5me sf5mxxl7 gl3lb2sf hhz5lgdu\"><img loading=\"lazy\" decoding=\"async\" src=\"https:\/\/static.xx.fbcdn.net\/images\/emoji.php\/v9\/t1f\/2\/16\/1f64f.png\" alt=\"\ud83d\ude4f\" width=\"16\" height=\"16\" \/><\/span> Hoy mismo finaliza adem\u00e1s Mercurio retr\u00f3grado, es decir, un per\u00edodo de contratiempos, dudas, lentitud en los procesos, etc.<br \/>\n<span class=\"pq6dq46d tbxw36s4 knj5qynh kvgmc6g5 ditlmg2l oygrvhab nvdbi5me sf5mxxl7 gl3lb2sf hhz5lgdu\"><img loading=\"lazy\" decoding=\"async\" src=\"https:\/\/static.xx.fbcdn.net\/images\/emoji.php\/v9\/t99\/2\/16\/1f32a.png\" alt=\"\ud83c\udf2a\" width=\"16\" height=\"16\" \/><\/span> As\u00ed que esta Luna, conocida en diversas culturas como &#8220;Luna de Gusano&#8221;, \u201cLuna del Cuervo\u201d, \u201cLuna de Ceniza\u201d o \u201cLuna de Tormenta&#8221; puede ser un punto de inflexi\u00f3n en nuestra vida si nos dejamos llevar por su energ\u00eda.<br \/>\n<span class=\"pq6dq46d tbxw36s4 knj5qynh kvgmc6g5 ditlmg2l oygrvhab nvdbi5me sf5mxxl7 gl3lb2sf hhz5lgdu\"><img loading=\"lazy\" decoding=\"async\" src=\"https:\/\/static.xx.fbcdn.net\/images\/emoji.php\/v9\/tb2\/2\/16\/1f9d8_200d_2640.png\" alt=\"\ud83e\uddd8\u200d\u2640\ufe0f\" width=\"16\" height=\"16\" \/><\/span> Nuestra propuesta para hacer un trabajo consciente en ella es:<br \/>\n<span class=\"pq6dq46d tbxw36s4 knj5qynh kvgmc6g5 ditlmg2l oygrvhab nvdbi5me sf5mxxl7 gl3lb2sf hhz5lgdu\"><img loading=\"lazy\" decoding=\"async\" src=\"https:\/\/static.xx.fbcdn.net\/images\/emoji.php\/v9\/t98\/2\/16\/1f48e.png\" alt=\"\ud83d\udc8e\" width=\"16\" height=\"16\" \/><\/span> GRATITUD &#8211; AVENTURINA VERDE. Las lunas llenas en general son la cumbre y la celebraci\u00f3n del final de los procesos. Te invitamos a ser agradecido con tus circunstancias, a tomarte tiempo para valorar tus esfuerzos y tu dedicaci\u00f3n, a celebrar con gusto la vida y dar las GRACIAS por ser y estar. Una de las mejores rocas para trabajar la &#8220;gratitud&#8221; es la Aventurina Verde. Compuesta por cristales de cuarzo y fuchsita, ayuda a la estabilidad emocional y el balance de la cual podemos extraer una actitud positiva y equilibrada que nos ayude a observar lo bueno de nuestra vida y ser agradecidos.<br \/>\n<span class=\"pq6dq46d tbxw36s4 knj5qynh kvgmc6g5 ditlmg2l oygrvhab nvdbi5me sf5mxxl7 gl3lb2sf hhz5lgdu\"><img loading=\"lazy\" decoding=\"async\" src=\"https:\/\/static.xx.fbcdn.net\/images\/emoji.php\/v9\/t98\/2\/16\/1f48e.png\" alt=\"\ud83d\udc8e\" width=\"16\" height=\"16\" \/><\/span> IMPULSO &#8211; OJO DE TIGRE. Esta Luna nos aporta una buena dosis de energ\u00eda que nos permitir\u00e1 soltar situaciones pasadas y enfocarnos en nuevos proyectos que ir\u00e1n viendo la luz al dejar de estar Mercurio retr\u00f3grado. Ojo de Tigre nos ayuda a materializar y poner en s\u00f3lido nuestros pasos hacia un futuro laboral pr\u00f3spero o simplemente establecer nuevos h\u00e1bitos y rutinas en nuestra vida.<br \/>\n<span class=\"pq6dq46d tbxw36s4 knj5qynh kvgmc6g5 ditlmg2l oygrvhab nvdbi5me sf5mxxl7 gl3lb2sf hhz5lgdu\"><img loading=\"lazy\" decoding=\"async\" src=\"https:\/\/static.xx.fbcdn.net\/images\/emoji.php\/v9\/t98\/2\/16\/1f48e.png\" alt=\"\ud83d\udc8e\" width=\"16\" height=\"16\" \/><\/span> ORDEN &#8211; FLUORITA. Al entrar en Virgo, nuestro intelecto y actividad mental reciben un fuerte influjo de energ\u00eda. Si sabes c\u00f3mo procesarla y enfocarla adecuadamente podr\u00e1s poner en orden tus ideas y dar prioridad a proyectos. La Fluorita te ayudar\u00e1 en este proceso ya que su estructura cristalina nos aporta orden, coherencia y estabilidad.<br \/>\n<span class=\"pq6dq46d tbxw36s4 knj5qynh kvgmc6g5 ditlmg2l oygrvhab nvdbi5me sf5mxxl7 gl3lb2sf hhz5lgdu\"><img loading=\"lazy\" decoding=\"async\" src=\"https:\/\/static.xx.fbcdn.net\/images\/emoji.php\/v9\/t98\/2\/16\/1f48e.png\" alt=\"\ud83d\udc8e\" width=\"16\" height=\"16\" \/><\/span> RELAX &#8211; AMATISTA. Si a pesar de todo, sientes demasiada energ\u00eda mental, actividad y se mueven tus mareas internas haci\u00e9ndote descansar mal no dejes de acompa\u00f1arte por nuestra querida AMATISTA, mineral relajante por excelencia que te ayudar\u00e1n en tu meditaci\u00f3n.<\/p>\n<p><span class=\"pq6dq46d tbxw36s4 knj5qynh kvgmc6g5 ditlmg2l oygrvhab nvdbi5me sf5mxxl7 gl3lb2sf hhz5lgdu\"><img loading=\"lazy\" decoding=\"async\" src=\"https:\/\/static.xx.fbcdn.net\/images\/emoji.php\/v9\/tf7\/2\/16\/1f929.png\" alt=\"\ud83e\udd29\" width=\"16\" height=\"16\" \/><\/span> Espero que te sea \u00fatil esta informaci\u00f3n. Comparte si te gust\u00f3<br \/>\n<span class=\"pq6dq46d tbxw36s4 knj5qynh kvgmc6g5 ditlmg2l oygrvhab nvdbi5me sf5mxxl7 gl3lb2sf hhz5lgdu\"><img loading=\"lazy\" decoding=\"async\" src=\"https:\/\/static.xx.fbcdn.net\/images\/emoji.php\/v9\/t7c\/2\/16\/1f9d0.png\" alt=\"\ud83e\uddd0\" width=\"16\" height=\"16\" \/><\/span> Por favor, recuerda que el uso de minerales no sustituye el tratamiento m\u00e9dico.<br \/>\n<span class=\"pq6dq46d tbxw36s4 knj5qynh kvgmc6g5 ditlmg2l oygrvhab nvdbi5me sf5mxxl7 gl3lb2sf hhz5lgdu\"><img loading=\"lazy\" decoding=\"async\" src=\"https:\/\/static.xx.fbcdn.net\/images\/emoji.php\/v9\/t9d\/2\/16\/1f44f.png\" alt=\"\ud83d\udc4f\" width=\"16\" height=\"16\" \/><\/span> Por un uso responsable del Reino Mineral<\/p>\n<p><a class=\"oajrlxb2 g5ia77u1 qu0x051f esr5mh6w e9989ue4 r7d6kgcz rq0escxv nhd2j8a9 nc684nl6 p7hjln8o kvgmc6g5 cxmmr5t8 oygrvhab hcukyx3x jb3vyjys rz4wbd8a qt6c0cv9 a8nywdso i1ao9s8h esuyzwwr f1sip0of lzcic4wl py34i1dx gpro0wi8\" tabindex=\"0\" role=\"link\" href=\"http:\/\/www.crystalqi.com\/?fbclid=IwAR0RlGBKKoWApNibOcVT6NoyBPlNNa6eeNszS_tmji--hxK7kha860CzlSI\" target=\"_blank\" rel=\"nofollow noopener noreferrer\">www.crystalqi.com<\/a><br \/>\n<a class=\"oajrlxb2 g5ia77u1 qu0x051f esr5mh6w e9989ue4 r7d6kgcz rq0escxv nhd2j8a9 nc684nl6 p7hjln8o kvgmc6g5 cxmmr5t8 oygrvhab hcukyx3x jb3vyjys rz4wbd8a qt6c0cv9 a8nywdso i1ao9s8h esuyzwwr f1sip0of lzcic4wl py34i1dx gpro0wi8\" tabindex=\"0\" role=\"link\" href=\"https:\/\/l.facebook.com\/l.php?u=http%3A%2F%2Fwww.crystalyoga.es%2F%3Ffbclid%3DIwAR0uqBiCmOF9HIykvrJxnpASKMeInNuHZqdZIDLz1iZasVMyEHbDYrhEp4I&amp;h=AT1o-WwcF1RnYuAbFIANOw_eioFV89jb6Ygo_vTRKaJmpxD1KXKSGk95mc3hoWwNBHNhzSVzv-Zmn1dosDNcIln3SYxA3d0vglqEY0c4KgBFjTxFomJ7evfUEICL7NIPdFre0ak&amp;__tn__=-UK*F\" target=\"_blank\" rel=\"nofollow noopener noreferrer\">www.crystalyoga.es<\/a><\/span><\/p>\n<p><span class=\"d2edcug0 hpfvmrgz qv66sw1b c1et5uql oi732d6d ik7dh3pa fgxwclzu a8c37x1j keod5gw0 nxhoafnm aigsh9s9 d3f4x2em fe6kdd0r mau55g9w c8b282yb iv3no6db jq4qci2q a3bd9o3v knj5qynh oo9gr5id\" dir=\"auto\">www.aromacrystal.es<br \/>\n<a class=\"oajrlxb2 g5ia77u1 qu0x051f esr5mh6w e9989ue4 r7d6kgcz rq0escxv nhd2j8a9 nc684nl6 p7hjln8o kvgmc6g5 cxmmr5t8 oygrvhab hcukyx3x jb3vyjys rz4wbd8a qt6c0cv9 a8nywdso i1ao9s8h esuyzwwr f1sip0of lzcic4wl py34i1dx gpro0wi8\" tabindex=\"0\" role=\"link\" href=\"http:\/\/www.helenachacon.com\/?fbclid=IwAR29X43l0mOVwpBXtTFHLx1y5Tn8brmxv-W6BasCpEGBPFFKC-N8P27jcUg\" target=\"_blank\" rel=\"nofollow noopener noreferrer\">www.helenachacon.com<\/a><\/span><\/p>","protected":false},"excerpt":{"rendered":"<p>SUPERMOON 9 MARCH The term \u201cSUPERMOON\u201d was coined in 1979 by Richard Nolle to describe those full (or new) moons that are closer to Earth than usual (because the Moon\u2019s orbit is elliptical, not circular) and are therefore seen as larger \u2026 <\/p>","protected":false},"author":1,"featured_media":0,"comment_status":"closed","ping_status":"closed","sticky":false,"template":"","format":"standard","meta":{"_bbp_topic_count":0,"_bbp_reply_count":0,"_bbp_total_topic_count":0,"_bbp_total_reply_count":0,"_bbp_voice_count":0,"_bbp_anonymous_reply_count":0,"_bbp_topic_count_hidden":0,"_bbp_reply_count_hidden":0,"_bbp_forum_subforum_count":0,"rs_blank_template":"","rs_page_bg_color":"","slide_template_v7":"","footnotes":""},"categories":[577,151,432,1],"tags":[617,733,619,241,472,244,616,469,614,615,564,820,468,609,613,814,620],"class_list":["post-31719","post","type-post","status-publish","format-standard","hentry","category-aroma-crystal","category-cristaloterapia","category-crystal-yoga","category-terapias","tag-alma","tag-conexioncristalina","tag-conexionnaturaleza","tag-cristaloterapia","tag-crystalqi","tag-crystalyoga","tag-esencia","tag-gemoterapia","tag-luna","tag-lunayminerales","tag-meditacion","tag-mineraleslunares","tag-reinomineral","tag-sanacion","tag-superluna","tag-vibracioncristalina","tag-yoylaluna"],"yoast_head":"<!-- This site is optimized with the Yoast SEO plugin v28.0 - https:\/\/yoast.com\/product\/yoast-seo-wordpress\/ -->\n<title>SUPERLUNA 9 DE MARZO 2020 (EN VIRGO) | Hol\u00edstica Formaci\u00f3n<\/title>\n<meta name=\"description\" content=\"Yoga, Terapias y Vida Saludable. Presencial y Online\" \/>\n<meta name=\"robots\" content=\"index, follow, max-snippet:-1, max-image-preview:large, max-video-preview:-1\" \/>\n<link rel=\"canonical\" href=\"https:\/\/holisticaformacion.com\/en\/superluna-9-de-marzo-2020-en-virgo\/\" \/>\n<meta property=\"og:locale\" content=\"en_GB\" \/>\n<meta property=\"og:type\" content=\"article\" \/>\n<meta property=\"og:title\" content=\"SUPERLUNA 9 DE MARZO 2020 (EN VIRGO) | Hol\u00edstica Formaci\u00f3n\" \/>\n<meta property=\"og:description\" content=\"Yoga, Terapias y Vida Saludable. Presencial y Online\" \/>\n<meta property=\"og:url\" content=\"https:\/\/holisticaformacion.com\/en\/superluna-9-de-marzo-2020-en-virgo\/\" \/>\n<meta property=\"og:site_name\" content=\"Hol\u00edstica Formaci\u00f3n\" \/>\n<meta property=\"article:publisher\" content=\"https:\/\/www.facebook.com\/holisticanature\" \/>\n<meta property=\"article:author\" content=\"https:\/\/www.facebook.com\/holisticanature\" \/>\n<meta property=\"article:published_time\" content=\"2020-03-09T18:13:27+00:00\" \/>\n<meta property=\"article:modified_time\" content=\"2021-01-26T18:14:44+00:00\" \/>\n<meta property=\"og:image\" content=\"https:\/\/holisticaformacion.com\/wp-content\/uploads\/2021\/01\/superluna-en-virgo.jpg\" \/>\n<meta name=\"author\" content=\"Helena Chac\u00f3n\" \/>\n<meta name=\"twitter:card\" content=\"summary_large_image\" \/>\n<meta name=\"twitter:label1\" content=\"Written by\" \/>\n\t<meta name=\"twitter:data1\" content=\"Helena Chac\u00f3n\" \/>\n\t<meta name=\"twitter:label2\" content=\"Estimated reading time\" \/>\n\t<meta name=\"twitter:data2\" content=\"2 minutes\" \/>\n<script type=\"application\/ld+json\" class=\"yoast-schema-graph\">{\"@context\":\"https:\\\/\\\/schema.org\",\"@graph\":[{\"@type\":\"Article\",\"@id\":\"https:\\\/\\\/holisticaformacion.com\\\/superluna-9-de-marzo-2020-en-virgo\\\/#article\",\"isPartOf\":{\"@id\":\"https:\\\/\\\/holisticaformacion.com\\\/superluna-9-de-marzo-2020-en-virgo\\\/\"},\"author\":{\"name\":\"Helena Chac\u00f3n\",\"@id\":\"https:\\\/\\\/holisticaformacion.com\\\/#\\\/schema\\\/person\\\/dd3ed0fd93ddd122d71b8a0aa6f4587b\"},\"headline\":\"SUPERLUNA 9 DE MARZO 2020 (EN VIRGO)\",\"datePublished\":\"2020-03-09T18:13:27+00:00\",\"dateModified\":\"2021-01-26T18:14:44+00:00\",\"mainEntityOfPage\":{\"@id\":\"https:\\\/\\\/holisticaformacion.com\\\/superluna-9-de-marzo-2020-en-virgo\\\/\"},\"wordCount\":478,\"publisher\":{\"@id\":\"https:\\\/\\\/holisticaformacion.com\\\/#organization\"},\"image\":{\"@id\":\"https:\\\/\\\/holisticaformacion.com\\\/superluna-9-de-marzo-2020-en-virgo\\\/#primaryimage\"},\"thumbnailUrl\":\"https:\\\/\\\/holisticaformacion.com\\\/wp-content\\\/uploads\\\/2021\\\/01\\\/superluna-en-virgo.jpg\",\"keywords\":[\"alma\",\"conexi\u00f3ncristalina\",\"conexi\u00f3nnaturaleza\",\"cristaloterapia\",\"crystalqi\",\"crystalyoga\",\"esencia\",\"gemoterapia\",\"luna\",\"lunayminerales\",\"meditaci\u00f3n\",\"mineraleslunares\",\"reinomineral\",\"sanaci\u00f3n\",\"superluna\",\"vibraci\u00f3ncristalina\",\"yoylaluna\"],\"articleSection\":[\"Aroma Crystal\u00ae\",\"Cristaloterapia\",\"Crystal Yoga\",\"Terapias Naturales\"],\"inLanguage\":\"en-GB\"},{\"@type\":\"WebPage\",\"@id\":\"https:\\\/\\\/holisticaformacion.com\\\/superluna-9-de-marzo-2020-en-virgo\\\/\",\"url\":\"https:\\\/\\\/holisticaformacion.com\\\/superluna-9-de-marzo-2020-en-virgo\\\/\",\"name\":\"SUPERLUNA 9 DE MARZO 2020 (EN VIRGO) | Hol\u00edstica Formaci\u00f3n\",\"isPartOf\":{\"@id\":\"https:\\\/\\\/holisticaformacion.com\\\/#website\"},\"primaryImageOfPage\":{\"@id\":\"https:\\\/\\\/holisticaformacion.com\\\/superluna-9-de-marzo-2020-en-virgo\\\/#primaryimage\"},\"image\":{\"@id\":\"https:\\\/\\\/holisticaformacion.com\\\/superluna-9-de-marzo-2020-en-virgo\\\/#primaryimage\"},\"thumbnailUrl\":\"https:\\\/\\\/holisticaformacion.com\\\/wp-content\\\/uploads\\\/2021\\\/01\\\/superluna-en-virgo.jpg\",\"datePublished\":\"2020-03-09T18:13:27+00:00\",\"dateModified\":\"2021-01-26T18:14:44+00:00\",\"description\":\"Yoga, Terapias y Vida Saludable. Presencial y Online\",\"breadcrumb\":{\"@id\":\"https:\\\/\\\/holisticaformacion.com\\\/superluna-9-de-marzo-2020-en-virgo\\\/#breadcrumb\"},\"inLanguage\":\"en-GB\",\"potentialAction\":[{\"@type\":\"ReadAction\",\"target\":[\"https:\\\/\\\/holisticaformacion.com\\\/superluna-9-de-marzo-2020-en-virgo\\\/\"]}]},{\"@type\":\"ImageObject\",\"inLanguage\":\"en-GB\",\"@id\":\"https:\\\/\\\/holisticaformacion.com\\\/superluna-9-de-marzo-2020-en-virgo\\\/#primaryimage\",\"url\":\"https:\\\/\\\/holisticaformacion.com\\\/wp-content\\\/uploads\\\/2021\\\/01\\\/superluna-en-virgo.jpg\",\"contentUrl\":\"https:\\\/\\\/holisticaformacion.com\\\/wp-content\\\/uploads\\\/2021\\\/01\\\/superluna-en-virgo.jpg\"},{\"@type\":\"BreadcrumbList\",\"@id\":\"https:\\\/\\\/holisticaformacion.com\\\/superluna-9-de-marzo-2020-en-virgo\\\/#breadcrumb\",\"itemListElement\":[{\"@type\":\"ListItem\",\"position\":1,\"name\":\"Portada\",\"item\":\"https:\\\/\\\/holisticaformacion.com\\\/\"},{\"@type\":\"ListItem\",\"position\":2,\"name\":\"SUPERLUNA 9 DE MARZO 2020 (EN VIRGO)\"}]},{\"@type\":\"WebSite\",\"@id\":\"https:\\\/\\\/holisticaformacion.com\\\/#website\",\"url\":\"https:\\\/\\\/holisticaformacion.com\\\/\",\"name\":\"www.holisticaformacion.com\",\"description\":\"Campus Online de Hol\u00edstica Nature\",\"publisher\":{\"@id\":\"https:\\\/\\\/holisticaformacion.com\\\/#organization\"},\"potentialAction\":[{\"@type\":\"SearchAction\",\"target\":{\"@type\":\"EntryPoint\",\"urlTemplate\":\"https:\\\/\\\/holisticaformacion.com\\\/?s={search_term_string}\"},\"query-input\":{\"@type\":\"PropertyValueSpecification\",\"valueRequired\":true,\"valueName\":\"search_term_string\"}}],\"inLanguage\":\"en-GB\"},{\"@type\":\"Organization\",\"@id\":\"https:\\\/\\\/holisticaformacion.com\\\/#organization\",\"name\":\"Hol\u00edstica Formaci\u00f3n\",\"alternateName\":\"Holistica Nature, Ecoturismo, Formaci\u00f3n y Bienestar S.L.\",\"url\":\"https:\\\/\\\/holisticaformacion.com\\\/\",\"logo\":{\"@type\":\"ImageObject\",\"inLanguage\":\"en-GB\",\"@id\":\"https:\\\/\\\/holisticaformacion.com\\\/#\\\/schema\\\/logo\\\/image\\\/\",\"url\":\"https:\\\/\\\/holisticaformacion.com\\\/wp-content\\\/uploads\\\/2026\\\/02\\\/Nuevo-Logo-HF-cuadrado-blanco-1024x1024.png\",\"contentUrl\":\"https:\\\/\\\/holisticaformacion.com\\\/wp-content\\\/uploads\\\/2026\\\/02\\\/Nuevo-Logo-HF-cuadrado-blanco-1024x1024.png\",\"width\":1024,\"height\":1024,\"caption\":\"Hol\u00edstica Formaci\u00f3n\"},\"image\":{\"@id\":\"https:\\\/\\\/holisticaformacion.com\\\/#\\\/schema\\\/logo\\\/image\\\/\"},\"sameAs\":[\"https:\\\/\\\/www.facebook.com\\\/holisticanature\",\"https:\\\/\\\/www.instagram.com\\\/holisticanature\\\/\"]},{\"@type\":\"Person\",\"@id\":\"https:\\\/\\\/holisticaformacion.com\\\/#\\\/schema\\\/person\\\/dd3ed0fd93ddd122d71b8a0aa6f4587b\",\"name\":\"Helena Chac\u00f3n\",\"image\":{\"@type\":\"ImageObject\",\"inLanguage\":\"en-GB\",\"@id\":\"https:\\\/\\\/holisticaformacion.com\\\/wp-content\\\/uploads\\\/avatars\\\/1\\\/6198beb295f3f-bpfull.png\",\"url\":\"https:\\\/\\\/holisticaformacion.com\\\/wp-content\\\/uploads\\\/avatars\\\/1\\\/6198beb295f3f-bpfull.png\",\"contentUrl\":\"https:\\\/\\\/holisticaformacion.com\\\/wp-content\\\/uploads\\\/avatars\\\/1\\\/6198beb295f3f-bpfull.png\",\"caption\":\"Helena Chac\u00f3n\"},\"sameAs\":[\"https:\\\/\\\/holisticaformacion.com\",\"https:\\\/\\\/www.facebook.com\\\/holisticanature\"],\"url\":\"https:\\\/\\\/holisticaformacion.com\\\/en\\\/usuarios\\\/holistica\\\/\"}]}<\/script>\n<!-- \/ Yoast SEO plugin. -->","yoast_head_json":{"title":"SUPERLUNA 9 DE MARZO 2020 (EN VIRGO) | Hol\u00edstica Formaci\u00f3n","description":"Yoga, Therapies and Healthy Living. In-person and online","robots":{"index":"index","follow":"follow","max-snippet":"max-snippet:-1","max-image-preview":"max-image-preview:large","max-video-preview":"max-video-preview:-1"},"canonical":"https:\/\/holisticaformacion.com\/en\/superluna-9-de-marzo-2020-en-virgo\/","og_locale":"en_GB","og_type":"article","og_title":"SUPERLUNA 9 DE MARZO 2020 (EN VIRGO) | Hol\u00edstica Formaci\u00f3n","og_description":"Yoga, Terapias y Vida Saludable. Presencial y Online","og_url":"https:\/\/holisticaformacion.com\/en\/superluna-9-de-marzo-2020-en-virgo\/","og_site_name":"Hol\u00edstica Formaci\u00f3n","article_publisher":"https:\/\/www.facebook.com\/holisticanature","article_author":"https:\/\/www.facebook.com\/holisticanature","article_published_time":"2020-03-09T18:13:27+00:00","article_modified_time":"2021-01-26T18:14:44+00:00","og_image":[{"url":"https:\/\/holisticaformacion.com\/wp-content\/uploads\/2021\/01\/superluna-en-virgo.jpg","type":"","width":"","height":""}],"author":"Helena Chac\u00f3n","twitter_card":"summary_large_image","twitter_misc":{"Written by":"Helena Chac\u00f3n","Estimated reading time":"2 minutes"},"schema":{"@context":"https:\/\/schema.org","@graph":[{"@type":"Article","@id":"https:\/\/holisticaformacion.com\/superluna-9-de-marzo-2020-en-virgo\/#article","isPartOf":{"@id":"https:\/\/holisticaformacion.com\/superluna-9-de-marzo-2020-en-virgo\/"},"author":{"name":"Helena Chac\u00f3n","@id":"https:\/\/holisticaformacion.com\/#\/schema\/person\/dd3ed0fd93ddd122d71b8a0aa6f4587b"},"headline":"SUPERLUNA 9 DE MARZO 2020 (EN VIRGO)","datePublished":"2020-03-09T18:13:27+00:00","dateModified":"2021-01-26T18:14:44+00:00","mainEntityOfPage":{"@id":"https:\/\/holisticaformacion.com\/superluna-9-de-marzo-2020-en-virgo\/"},"wordCount":478,"publisher":{"@id":"https:\/\/holisticaformacion.com\/#organization"},"image":{"@id":"https:\/\/holisticaformacion.com\/superluna-9-de-marzo-2020-en-virgo\/#primaryimage"},"thumbnailUrl":"https:\/\/holisticaformacion.com\/wp-content\/uploads\/2021\/01\/superluna-en-virgo.jpg","keywords":["alma","conexi\u00f3ncristalina","conexi\u00f3nnaturaleza","cristaloterapia","crystalqi","crystalyoga","esencia","gemoterapia","luna","lunayminerales","meditaci\u00f3n","mineraleslunares","reinomineral","sanaci\u00f3n","superluna","vibraci\u00f3ncristalina","yoylaluna"],"articleSection":["Aroma Crystal\u00ae","Cristaloterapia","Crystal Yoga","Terapias Naturales"],"inLanguage":"en-GB"},{"@type":"WebPage","@id":"https:\/\/holisticaformacion.com\/superluna-9-de-marzo-2020-en-virgo\/","url":"https:\/\/holisticaformacion.com\/superluna-9-de-marzo-2020-en-virgo\/","name":"SUPERLUNA 9 DE MARZO 2020 (EN VIRGO) | Hol\u00edstica Formaci\u00f3n","isPartOf":{"@id":"https:\/\/holisticaformacion.com\/#website"},"primaryImageOfPage":{"@id":"https:\/\/holisticaformacion.com\/superluna-9-de-marzo-2020-en-virgo\/#primaryimage"},"image":{"@id":"https:\/\/holisticaformacion.com\/superluna-9-de-marzo-2020-en-virgo\/#primaryimage"},"thumbnailUrl":"https:\/\/holisticaformacion.com\/wp-content\/uploads\/2021\/01\/superluna-en-virgo.jpg","datePublished":"2020-03-09T18:13:27+00:00","dateModified":"2021-01-26T18:14:44+00:00","description":"Yoga, Therapies and Healthy Living. In-person and online","breadcrumb":{"@id":"https:\/\/holisticaformacion.com\/superluna-9-de-marzo-2020-en-virgo\/#breadcrumb"},"inLanguage":"en-GB","potentialAction":[{"@type":"ReadAction","target":["https:\/\/holisticaformacion.com\/superluna-9-de-marzo-2020-en-virgo\/"]}]},{"@type":"ImageObject","inLanguage":"en-GB","@id":"https:\/\/holisticaformacion.com\/superluna-9-de-marzo-2020-en-virgo\/#primaryimage","url":"https:\/\/holisticaformacion.com\/wp-content\/uploads\/2021\/01\/superluna-en-virgo.jpg","contentUrl":"https:\/\/holisticaformacion.com\/wp-content\/uploads\/2021\/01\/superluna-en-virgo.jpg"},{"@type":"BreadcrumbList","@id":"https:\/\/holisticaformacion.com\/superluna-9-de-marzo-2020-en-virgo\/#breadcrumb","itemListElement":[{"@type":"ListItem","position":1,"name":"Portada","item":"https:\/\/holisticaformacion.com\/"},{"@type":"ListItem","position":2,"name":"SUPERLUNA 9 DE MARZO 2020 (EN VIRGO)"}]},{"@type":"WebSite","@id":"https:\/\/holisticaformacion.com\/#website","url":"https:\/\/holisticaformacion.com\/","name":"www.holisticaformacion.com","description":"Hol\u00edstica Nature Online Campus","publisher":{"@id":"https:\/\/holisticaformacion.com\/#organization"},"potentialAction":[{"@type":"SearchAction","target":{"@type":"EntryPoint","urlTemplate":"https:\/\/holisticaformacion.com\/?s={search_term_string}"},"query-input":{"@type":"PropertyValueSpecification","valueRequired":true,"valueName":"search_term_string"}}],"inLanguage":"en-GB"},{"@type":"Organization","@id":"https:\/\/holisticaformacion.com\/#organization","name":"Holistic Training","alternateName":"Holistica Nature, Ecoturismo, Formaci\u00f3n y Bienestar S.L.","url":"https:\/\/holisticaformacion.com\/","logo":{"@type":"ImageObject","inLanguage":"en-GB","@id":"https:\/\/holisticaformacion.com\/#\/schema\/logo\/image\/","url":"https:\/\/holisticaformacion.com\/wp-content\/uploads\/2026\/02\/Nuevo-Logo-HF-cuadrado-blanco-1024x1024.png","contentUrl":"https:\/\/holisticaformacion.com\/wp-content\/uploads\/2026\/02\/Nuevo-Logo-HF-cuadrado-blanco-1024x1024.png","width":1024,"height":1024,"caption":"Hol\u00edstica Formaci\u00f3n"},"image":{"@id":"https:\/\/holisticaformacion.com\/#\/schema\/logo\/image\/"},"sameAs":["https:\/\/www.facebook.com\/holisticanature","https:\/\/www.instagram.com\/holisticanature\/"]},{"@type":"Person","@id":"https:\/\/holisticaformacion.com\/#\/schema\/person\/dd3ed0fd93ddd122d71b8a0aa6f4587b","name":"Helena Chac\u00f3n","image":{"@type":"ImageObject","inLanguage":"en-GB","@id":"https:\/\/holisticaformacion.com\/wp-content\/uploads\/avatars\/1\/6198beb295f3f-bpfull.png","url":"https:\/\/holisticaformacion.com\/wp-content\/uploads\/avatars\/1\/6198beb295f3f-bpfull.png","contentUrl":"https:\/\/holisticaformacion.com\/wp-content\/uploads\/avatars\/1\/6198beb295f3f-bpfull.png","caption":"Helena Chac\u00f3n"},"sameAs":["https:\/\/holisticaformacion.com","https:\/\/www.facebook.com\/holisticanature"],"url":"https:\/\/holisticaformacion.com\/en\/usuarios\/holistica\/"}]}},"_links":{"self":[{"href":"https:\/\/holisticaformacion.com\/en\/wp-json\/wp\/v2\/posts\/31719","targetHints":{"allow":["GET"]}}],"collection":[{"href":"https:\/\/holisticaformacion.com\/en\/wp-json\/wp\/v2\/posts"}],"about":[{"href":"https:\/\/holisticaformacion.com\/en\/wp-json\/wp\/v2\/types\/post"}],"author":[{"embeddable":true,"href":"https:\/\/holisticaformacion.com\/en\/wp-json\/wp\/v2\/users\/1"}],"replies":[{"embeddable":true,"href":"https:\/\/holisticaformacion.com\/en\/wp-json\/wp\/v2\/comments?post=31719"}],"version-history":[{"count":1,"href":"https:\/\/holisticaformacion.com\/en\/wp-json\/wp\/v2\/posts\/31719\/revisions"}],"predecessor-version":[{"id":31721,"href":"https:\/\/holisticaformacion.com\/en\/wp-json\/wp\/v2\/posts\/31719\/revisions\/31721"}],"wp:attachment":[{"href":"https:\/\/holisticaformacion.com\/en\/wp-json\/wp\/v2\/media?parent=31719"}],"wp:term":[{"taxonomy":"category","embeddable":true,"href":"https:\/\/holisticaformacion.com\/en\/wp-json\/wp\/v2\/categories?post=31719"},{"taxonomy":"post_tag","embeddable":true,"href":"https:\/\/holisticaformacion.com\/en\/wp-json\/wp\/v2\/tags?post=31719"}],"curies":[{"name":"wp","href":"https:\/\/api.w.org\/{rel}","templated":true}]}}